{"id":1480,"date":"2023-09-11T15:31:38","date_gmt":"2023-09-11T15:31:38","guid":{"rendered":"https:\/\/sdca.ch\/de\/?p=1480"},"modified":"2023-10-17T17:45:04","modified_gmt":"2023-10-17T17:45:04","slug":"riclima-ag-ist-neues-mitglied-der-sdca","status":"publish","type":"post","link":"https:\/\/sdca.ch\/de\/riclima-ag-ist-neues-mitglied-der-sdca\/","title":{"rendered":"Riclima AG ist neues Mitglied der SDCA"},"content":{"rendered":"\n<p>Die SDCA begr\u00fcsst die Riclima AG als neues Mitglied!<\/p>\n\n\n\n<p>Wir freuen uns, die Riclima AG als neues Mitglied der SDCA begr\u00fcssen zu d\u00fcrfen. Riclima SA ist ein dynamisches Unternehmen mit B\u00fcro in Rotkreuz (ZG), Lausanne (VD) und Melide (TI). Sie ist ein Partner f\u00fcr alle Anforderungen im Bereich der Heiz-, K\u00fchl- und L\u00fcftungssysteme f\u00fcr grosse Geb\u00e4ude.<\/p>\n\n\n\n<p>Zu den zahlreichen renommierten Referenzen geh\u00f6ren die Rechen- und Datenzentren, auf die sich das team von Riclima seit einigen Jahren spezialisiert hat. Das Unternehmen hat in den vergangenen Jahren vielf\u00e4ltige Erfahrungen gesammelt, die es seinen Partnern beim Bau von Datenzentren zur Verf\u00fcgung stellt. Das Team verf\u00fcgt \u00fcber Experten mit langj\u00e4hriger Erfahrung im Bereich von K\u00fchlsysteme von Data Centers, arbeitet mit zahlreichen internationalen Partnern zusammen und verl\u00e4sst sich auf die technisch besten L\u00f6sungen auf dem Markt. Mit ihrer Struktur und den Niederlassungen in allen Sprachregionen der Schweiz ist Riclima in der Lage, gezielt und zeitnah auf die Bed\u00fcrfnisse der Kunden einzugehen.<\/p>\n\n\n\n<p>Wir freuen uns auf eine erfolgreiche und langj\u00e4hrige Mitgliedschaft in der SDCA.<\/p>\n\n\n\n<figure class=\"wp-block-image aligncenter size-full\"><img fetchpriority=\"high\" decoding=\"async\" width=\"727\" height=\"727\" src=\"https:\/\/sdca.ch\/de\/wp-content\/uploads\/2023\/09\/SalvatorePaolino.jpg\" alt=\"\" class=\"wp-image-1481\" srcset=\"https:\/\/sdca.ch\/de\/wp-content\/uploads\/2023\/09\/SalvatorePaolino.jpg 727w, https:\/\/sdca.ch\/de\/wp-content\/uploads\/2023\/09\/SalvatorePaolino-300x300.jpg 300w, https:\/\/sdca.ch\/de\/wp-content\/uploads\/2023\/09\/SalvatorePaolino-150x150.jpg 150w\" sizes=\"(max-width: 727px) 100vw, 727px\" \/><\/figure>\n\n\n\n<p><strong>Salvatore Paolino<\/strong><br>Regionalleiter<br><em>&#8222;Wir sind die Experten f\u00fcr Heizungs-, K\u00fchlungs- und L\u00fcftungssysteme. In einer Zeit, in der nachhaltige L\u00f6sungen und energieeffiziente Systeme immer wichtiger werden, zeichnet sich Riclima SA als f\u00fchrender Akteur im Bereich der Heizungs-, K\u00fchlungs- und L\u00fcftungssysteme aus.<\/em><\/p>\n\n\n\n<p><em>Wir freuen uns sehr darauf, das SDCA-Netzwerk kennenzulernen und damit in die Weiterentwicklung der Branche zu investieren.&#8220;<\/em><\/p>\n\n\n\n<p><strong>Sergio Milesi<\/strong><br>Pr\u00e4sident der SDCA<br><em>&#8222;Wir freuen uns sehr, die Riclima AG als neues Mitglied begr\u00fcssen zu d\u00fcrfen. Mit Ihrer Erfahrung im Bereich der K\u00fchlsysteme f\u00fcr Rechenzentren bereichern Sie unser Netzwerk.&#8220;<\/em><\/p>\n\n\n\n<p><a href=\"https:\/\/riclima.ch\/de\/&nbsp; \">https:\/\/riclima.ch\/de\/&nbsp; <\/a>&nbsp; &nbsp; &nbsp; &nbsp; <br><a href=\"https:\/\/datacenter.riclima.ch\">https:\/\/datacenter.riclima.ch<\/a>&nbsp;<\/p>\n","protected":false},"excerpt":{"rendered":"<p>Wir freuen uns, die Riclima AG als neues Mitglied der SDCA begr\u00fcssen zu d\u00fcrfen. Riclima SA ist ein dynamisches&#8230;<\/p>\n","protected":false},"author":1,"featured_media":1482,"comment_status":"closed","ping_status":"closed","sticky":false,"template":"","format":"standard","meta":{"footnotes":""},"categories":[10],"tags":[],"class_list":["post-1480","post","type-post","status-publish","format-standard","has-post-thumbnail","hentry","category-mitglieder"],"yoast_head":"<!-- This site is optimized with the Yoast SEO plugin v27.1.1 - https:\/\/yoast.com\/product\/yoast-seo-wordpress\/ -->\n<title>Riclima AG ist neues Mitglied der SDCA | SDCA | Swiss Data Center Association<\/title>\n<meta name=\"robots\" content=\"index, follow, max-snippet:-1, max-image-preview:large, max-video-preview:-1\" \/>\n<link rel=\"canonical\" href=\"https:\/\/sdca.ch\/de\/riclima-ag-ist-neues-mitglied-der-sdca\/\" \/>\n<meta property=\"og:locale\" content=\"de_DE\" \/>\n<meta property=\"og:type\" content=\"article\" \/>\n<meta property=\"og:title\" content=\"Riclima AG ist neues Mitglied der SDCA | SDCA | Swiss Data Center Association\" \/>\n<meta property=\"og:description\" content=\"Wir freuen uns, die Riclima AG als neues Mitglied der SDCA begr\u00fcssen zu d\u00fcrfen. Riclima SA ist ein dynamisches...\" \/>\n<meta property=\"og:url\" content=\"https:\/\/sdca.ch\/de\/riclima-ag-ist-neues-mitglied-der-sdca\/\" \/>\n<meta property=\"og:site_name\" content=\"SDCA | Swiss Data Center Association\" \/>\n<meta property=\"article:published_time\" content=\"2023-09-11T15:31:38+00:00\" \/>\n<meta property=\"article:modified_time\" content=\"2023-10-17T17:45:04+00:00\" \/>\n<meta property=\"og:image\" content=\"https:\/\/sdca.ch\/de\/wp-content\/uploads\/2023\/09\/anteprima.jpg\" \/>\n\t<meta property=\"og:image:width\" content=\"740\" \/>\n\t<meta property=\"og:image:height\" content=\"414\" \/>\n\t<meta property=\"og:image:type\" content=\"image\/jpeg\" \/>\n<meta name=\"author\" content=\"sdca_2023\" \/>\n<meta name=\"twitter:card\" content=\"summary_large_image\" \/>\n<meta name=\"twitter:label1\" content=\"Verfasst von\" \/>\n\t<meta name=\"twitter:data1\" content=\"sdca_2023\" \/>\n\t<meta name=\"twitter:label2\" content=\"Gesch\u00e4tzte Lesezeit\" \/>\n\t<meta name=\"twitter:data2\" content=\"1\u00a0Minute\" \/>\n<script type=\"application\/ld+json\" class=\"yoast-schema-graph\">{\"@context\":\"https:\/\/schema.org\",\"@graph\":[{\"@type\":\"Article\",\"@id\":\"https:\/\/sdca.ch\/de\/riclima-ag-ist-neues-mitglied-der-sdca\/#article\",\"isPartOf\":{\"@id\":\"https:\/\/sdca.ch\/de\/riclima-ag-ist-neues-mitglied-der-sdca\/\"},\"author\":{\"name\":\"sdca_2023\",\"@id\":\"https:\/\/sdca.ch\/de\/#\/schema\/person\/8dfa4a6955fb92c0f28b8e48484afe4d\"},\"headline\":\"Riclima AG ist neues Mitglied der SDCA\",\"datePublished\":\"2023-09-11T15:31:38+00:00\",\"dateModified\":\"2023-10-17T17:45:04+00:00\",\"mainEntityOfPage\":{\"@id\":\"https:\/\/sdca.ch\/de\/riclima-ag-ist-neues-mitglied-der-sdca\/\"},\"wordCount\":308,\"publisher\":{\"@id\":\"https:\/\/sdca.ch\/de\/#organization\"},\"image\":{\"@id\":\"https:\/\/sdca.ch\/de\/riclima-ag-ist-neues-mitglied-der-sdca\/#primaryimage\"},\"thumbnailUrl\":\"https:\/\/sdca.ch\/de\/wp-content\/uploads\/2023\/09\/anteprima.jpg\",\"articleSection\":[\"Mitglieder\"],\"inLanguage\":\"de\"},{\"@type\":\"WebPage\",\"@id\":\"https:\/\/sdca.ch\/de\/riclima-ag-ist-neues-mitglied-der-sdca\/\",\"url\":\"https:\/\/sdca.ch\/de\/riclima-ag-ist-neues-mitglied-der-sdca\/\",\"name\":\"Riclima AG ist neues Mitglied der SDCA | SDCA | Swiss Data Center Association\",\"isPartOf\":{\"@id\":\"https:\/\/sdca.ch\/de\/#website\"},\"primaryImageOfPage\":{\"@id\":\"https:\/\/sdca.ch\/de\/riclima-ag-ist-neues-mitglied-der-sdca\/#primaryimage\"},\"image\":{\"@id\":\"https:\/\/sdca.ch\/de\/riclima-ag-ist-neues-mitglied-der-sdca\/#primaryimage\"},\"thumbnailUrl\":\"https:\/\/sdca.ch\/de\/wp-content\/uploads\/2023\/09\/anteprima.jpg\",\"datePublished\":\"2023-09-11T15:31:38+00:00\",\"dateModified\":\"2023-10-17T17:45:04+00:00\",\"breadcrumb\":{\"@id\":\"https:\/\/sdca.ch\/de\/riclima-ag-ist-neues-mitglied-der-sdca\/#breadcrumb\"},\"inLanguage\":\"de\",\"potentialAction\":[{\"@type\":\"ReadAction\",\"target\":[\"https:\/\/sdca.ch\/de\/riclima-ag-ist-neues-mitglied-der-sdca\/\"]}]},{\"@type\":\"ImageObject\",\"inLanguage\":\"de\",\"@id\":\"https:\/\/sdca.ch\/de\/riclima-ag-ist-neues-mitglied-der-sdca\/#primaryimage\",\"url\":\"https:\/\/sdca.ch\/de\/wp-content\/uploads\/2023\/09\/anteprima.jpg\",\"contentUrl\":\"https:\/\/sdca.ch\/de\/wp-content\/uploads\/2023\/09\/anteprima.jpg\",\"width\":740,\"height\":414},{\"@type\":\"BreadcrumbList\",\"@id\":\"https:\/\/sdca.ch\/de\/riclima-ag-ist-neues-mitglied-der-sdca\/#breadcrumb\",\"itemListElement\":[{\"@type\":\"ListItem\",\"position\":1,\"name\":\"Startseite\",\"item\":\"https:\/\/sdca.ch\/de\/\"},{\"@type\":\"ListItem\",\"position\":2,\"name\":\"Riclima AG ist neues Mitglied der SDCA\"}]},{\"@type\":\"WebSite\",\"@id\":\"https:\/\/sdca.ch\/de\/#website\",\"url\":\"https:\/\/sdca.ch\/de\/\",\"name\":\"SDCA | Swiss Data Center Association\",\"description\":\"Official website\",\"publisher\":{\"@id\":\"https:\/\/sdca.ch\/de\/#organization\"},\"potentialAction\":[{\"@type\":\"SearchAction\",\"target\":{\"@type\":\"EntryPoint\",\"urlTemplate\":\"https:\/\/sdca.ch\/de\/?s={search_term_string}\"},\"query-input\":{\"@type\":\"PropertyValueSpecification\",\"valueRequired\":true,\"valueName\":\"search_term_string\"}}],\"inLanguage\":\"de\"},{\"@type\":\"Organization\",\"@id\":\"https:\/\/sdca.ch\/de\/#organization\",\"name\":\"SDCA | Swiss Data Center Association\",\"url\":\"https:\/\/sdca.ch\/de\/\",\"logo\":{\"@type\":\"ImageObject\",\"inLanguage\":\"de\",\"@id\":\"https:\/\/sdca.ch\/de\/#\/schema\/logo\/image\/\",\"url\":\"https:\/\/sdca.ch\/de\/wp-content\/uploads\/2023\/08\/SDCA-logo.png\",\"contentUrl\":\"https:\/\/sdca.ch\/de\/wp-content\/uploads\/2023\/08\/SDCA-logo.png\",\"width\":404,\"height\":127,\"caption\":\"SDCA | Swiss Data Center Association\"},\"image\":{\"@id\":\"https:\/\/sdca.ch\/de\/#\/schema\/logo\/image\/\"},\"sameAs\":[\"https:\/\/www.linkedin.com\/company\/vigiswiss\/\"]},{\"@type\":\"Person\",\"@id\":\"https:\/\/sdca.ch\/de\/#\/schema\/person\/8dfa4a6955fb92c0f28b8e48484afe4d\",\"name\":\"sdca_2023\",\"image\":{\"@type\":\"ImageObject\",\"inLanguage\":\"de\",\"@id\":\"https:\/\/sdca.ch\/de\/#\/schema\/person\/image\/\",\"url\":\"https:\/\/secure.gravatar.com\/avatar\/9bea68a1c277f2f9be07c909643049cb5520363a9f2a1fcd3a343f5f28512c48?s=96&d=mm&r=g\",\"contentUrl\":\"https:\/\/secure.gravatar.com\/avatar\/9bea68a1c277f2f9be07c909643049cb5520363a9f2a1fcd3a343f5f28512c48?s=96&d=mm&r=g\",\"caption\":\"sdca_2023\"},\"sameAs\":[\"https:\/\/sdca.ch\/de\"]}]}<\/script>\n<!-- \/ Yoast SEO plugin. -->","yoast_head_json":{"title":"Riclima AG ist neues Mitglied der SDCA | SDCA | Swiss Data Center Association","robots":{"index":"index","follow":"follow","max-snippet":"max-snippet:-1","max-image-preview":"max-image-preview:large","max-video-preview":"max-video-preview:-1"},"canonical":"https:\/\/sdca.ch\/de\/riclima-ag-ist-neues-mitglied-der-sdca\/","og_locale":"de_DE","og_type":"article","og_title":"Riclima AG ist neues Mitglied der SDCA | SDCA | Swiss Data Center Association","og_description":"Wir freuen uns, die Riclima AG als neues Mitglied der SDCA begr\u00fcssen zu d\u00fcrfen. Riclima SA ist ein dynamisches...","og_url":"https:\/\/sdca.ch\/de\/riclima-ag-ist-neues-mitglied-der-sdca\/","og_site_name":"SDCA | Swiss Data Center Association","article_published_time":"2023-09-11T15:31:38+00:00","article_modified_time":"2023-10-17T17:45:04+00:00","og_image":[{"width":740,"height":414,"url":"https:\/\/sdca.ch\/de\/wp-content\/uploads\/2023\/09\/anteprima.jpg","type":"image\/jpeg"}],"author":"sdca_2023","twitter_card":"summary_large_image","twitter_misc":{"Verfasst von":"sdca_2023","Gesch\u00e4tzte Lesezeit":"1\u00a0Minute"},"schema":{"@context":"https:\/\/schema.org","@graph":[{"@type":"Article","@id":"https:\/\/sdca.ch\/de\/riclima-ag-ist-neues-mitglied-der-sdca\/#article","isPartOf":{"@id":"https:\/\/sdca.ch\/de\/riclima-ag-ist-neues-mitglied-der-sdca\/"},"author":{"name":"sdca_2023","@id":"https:\/\/sdca.ch\/de\/#\/schema\/person\/8dfa4a6955fb92c0f28b8e48484afe4d"},"headline":"Riclima AG ist neues Mitglied der SDCA","datePublished":"2023-09-11T15:31:38+00:00","dateModified":"2023-10-17T17:45:04+00:00","mainEntityOfPage":{"@id":"https:\/\/sdca.ch\/de\/riclima-ag-ist-neues-mitglied-der-sdca\/"},"wordCount":308,"publisher":{"@id":"https:\/\/sdca.ch\/de\/#organization"},"image":{"@id":"https:\/\/sdca.ch\/de\/riclima-ag-ist-neues-mitglied-der-sdca\/#primaryimage"},"thumbnailUrl":"https:\/\/sdca.ch\/de\/wp-content\/uploads\/2023\/09\/anteprima.jpg","articleSection":["Mitglieder"],"inLanguage":"de"},{"@type":"WebPage","@id":"https:\/\/sdca.ch\/de\/riclima-ag-ist-neues-mitglied-der-sdca\/","url":"https:\/\/sdca.ch\/de\/riclima-ag-ist-neues-mitglied-der-sdca\/","name":"Riclima AG ist neues Mitglied der SDCA | SDCA | Swiss Data Center Association","isPartOf":{"@id":"https:\/\/sdca.ch\/de\/#website"},"primaryImageOfPage":{"@id":"https:\/\/sdca.ch\/de\/riclima-ag-ist-neues-mitglied-der-sdca\/#primaryimage"},"image":{"@id":"https:\/\/sdca.ch\/de\/riclima-ag-ist-neues-mitglied-der-sdca\/#primaryimage"},"thumbnailUrl":"https:\/\/sdca.ch\/de\/wp-content\/uploads\/2023\/09\/anteprima.jpg","datePublished":"2023-09-11T15:31:38+00:00","dateModified":"2023-10-17T17:45:04+00:00","breadcrumb":{"@id":"https:\/\/sdca.ch\/de\/riclima-ag-ist-neues-mitglied-der-sdca\/#breadcrumb"},"inLanguage":"de","potentialAction":[{"@type":"ReadAction","target":["https:\/\/sdca.ch\/de\/riclima-ag-ist-neues-mitglied-der-sdca\/"]}]},{"@type":"ImageObject","inLanguage":"de","@id":"https:\/\/sdca.ch\/de\/riclima-ag-ist-neues-mitglied-der-sdca\/#primaryimage","url":"https:\/\/sdca.ch\/de\/wp-content\/uploads\/2023\/09\/anteprima.jpg","contentUrl":"https:\/\/sdca.ch\/de\/wp-content\/uploads\/2023\/09\/anteprima.jpg","width":740,"height":414},{"@type":"BreadcrumbList","@id":"https:\/\/sdca.ch\/de\/riclima-ag-ist-neues-mitglied-der-sdca\/#breadcrumb","itemListElement":[{"@type":"ListItem","position":1,"name":"Startseite","item":"https:\/\/sdca.ch\/de\/"},{"@type":"ListItem","position":2,"name":"Riclima AG ist neues Mitglied der SDCA"}]},{"@type":"WebSite","@id":"https:\/\/sdca.ch\/de\/#website","url":"https:\/\/sdca.ch\/de\/","name":"SDCA | Swiss Data Center Association","description":"Official website","publisher":{"@id":"https:\/\/sdca.ch\/de\/#organization"},"potentialAction":[{"@type":"SearchAction","target":{"@type":"EntryPoint","urlTemplate":"https:\/\/sdca.ch\/de\/?s={search_term_string}"},"query-input":{"@type":"PropertyValueSpecification","valueRequired":true,"valueName":"search_term_string"}}],"inLanguage":"de"},{"@type":"Organization","@id":"https:\/\/sdca.ch\/de\/#organization","name":"SDCA | Swiss Data Center Association","url":"https:\/\/sdca.ch\/de\/","logo":{"@type":"ImageObject","inLanguage":"de","@id":"https:\/\/sdca.ch\/de\/#\/schema\/logo\/image\/","url":"https:\/\/sdca.ch\/de\/wp-content\/uploads\/2023\/08\/SDCA-logo.png","contentUrl":"https:\/\/sdca.ch\/de\/wp-content\/uploads\/2023\/08\/SDCA-logo.png","width":404,"height":127,"caption":"SDCA | Swiss Data Center Association"},"image":{"@id":"https:\/\/sdca.ch\/de\/#\/schema\/logo\/image\/"},"sameAs":["https:\/\/www.linkedin.com\/company\/vigiswiss\/"]},{"@type":"Person","@id":"https:\/\/sdca.ch\/de\/#\/schema\/person\/8dfa4a6955fb92c0f28b8e48484afe4d","name":"sdca_2023","image":{"@type":"ImageObject","inLanguage":"de","@id":"https:\/\/sdca.ch\/de\/#\/schema\/person\/image\/","url":"https:\/\/secure.gravatar.com\/avatar\/9bea68a1c277f2f9be07c909643049cb5520363a9f2a1fcd3a343f5f28512c48?s=96&d=mm&r=g","contentUrl":"https:\/\/secure.gravatar.com\/avatar\/9bea68a1c277f2f9be07c909643049cb5520363a9f2a1fcd3a343f5f28512c48?s=96&d=mm&r=g","caption":"sdca_2023"},"sameAs":["https:\/\/sdca.ch\/de"]}]}},"_links":{"self":[{"href":"https:\/\/sdca.ch\/de\/wp-json\/wp\/v2\/posts\/1480","targetHints":{"allow":["GET"]}}],"collection":[{"href":"https:\/\/sdca.ch\/de\/wp-json\/wp\/v2\/posts"}],"about":[{"href":"https:\/\/sdca.ch\/de\/wp-json\/wp\/v2\/types\/post"}],"author":[{"embeddable":true,"href":"https:\/\/sdca.ch\/de\/wp-json\/wp\/v2\/users\/1"}],"replies":[{"embeddable":true,"href":"https:\/\/sdca.ch\/de\/wp-json\/wp\/v2\/comments?post=1480"}],"version-history":[{"count":0,"href":"https:\/\/sdca.ch\/de\/wp-json\/wp\/v2\/posts\/1480\/revisions"}],"wp:featuredmedia":[{"embeddable":true,"href":"https:\/\/sdca.ch\/de\/wp-json\/wp\/v2\/media\/1482"}],"wp:attachment":[{"href":"https:\/\/sdca.ch\/de\/wp-json\/wp\/v2\/media?parent=1480"}],"wp:term":[{"taxonomy":"category","embeddable":true,"href":"https:\/\/sdca.ch\/de\/wp-json\/wp\/v2\/categories?post=1480"},{"taxonomy":"post_tag","embeddable":true,"href":"https:\/\/sdca.ch\/de\/wp-json\/wp\/v2\/tags?post=1480"}],"curies":[{"name":"wp","href":"https:\/\/api.w.org\/{rel}","templated":true}]}}