{"id":157,"date":"2022-10-11T10:53:42","date_gmt":"2022-10-11T10:53:42","guid":{"rendered":"https:\/\/sdca.ch\/de\/?p=157"},"modified":"2023-10-17T17:43:26","modified_gmt":"2023-10-17T17:43:26","slug":"neues-vorstandsmitglied-bei-sdca","status":"publish","type":"post","link":"https:\/\/sdca.ch\/de\/neues-vorstandsmitglied-bei-sdca\/","title":{"rendered":"Neues Vorstandsmitglied bei SDCA"},"content":{"rendered":"\n<p>Herzlich willkommen Andrea Campomilla, in den Vorstand von SDCA!<\/p>\n\n\n\n<p>Wir freuen uns, Andrea Campomilla als neues Mitglied des SDCA-Vorstandes begr\u00fc\u00dfen zu d\u00fcrfen. Andrea wurde vom SDCA Vorstand einstimmig gew\u00e4hlt und wird diese Funktion mit sofortiger Wirkung \u00fcbernehmen.<\/p>\n\n\n\n<p>Andrea Luigi Campomilla hat einen Abschluss als Diplom-Ingenieur in Elektrotechnik und als Betriebs\u00f6konom sowie ein EMBA in International Management.<\/p>\n\n\n\n<p>Mit \u00fcber zwanzig Jahren Erfahrung in der Planung, beim Bau und beim Betrieb von Rechenzentren ist er einer der profiliertesten Experten der Schweiz. Andrea ist auch ein akkreditierter Tier-Designer.<\/p>\n\n\n\n<p>Seit M\u00e4rz 2020 ist Andrea Chief Operating Officer bei Green, wo er die Bereiche Datacenter-Bau und-Betrieb sowie Deployment und Security leitet.<\/p>\n\n\n\n<p>In Dielsdorf baut Andrea zur Zeit den Metro Campus Z\u00fcrich mit drei Hochleistungsdatacentern und drei B\u00fcrokomplexen. Der neue Metro Campus Z\u00fcrich geh\u00f6rt zu den modernsten und energieeffizientesten Datacenter in der Schweiz. Mit diesem Leuchtturmprojekt setzt Andrea Campomilla ganz neue Standards hinsichtlich Energieeffizienz in ganz Europa.<\/p>\n\n\n\n<p><strong>Andrea Campomilla<\/strong>, COO Green<br><em>&#8222;Es ist nicht genug nur zu wollen, man muss es einfach auch tun! Mit dem Bau von Datacentern \u00fcbernimmt man eine grosse Verantwortung hinsichtlich Nachhaltigkeit: F\u00fcr Kunden, f\u00fcr die Umwelt und f\u00fcr den Erfolg des Unternehmens. Mein Ansporn ist es, mit meinem Team die Effizienz von Datacentern stetig zu erh\u00f6hen und mit neuen Ideen die Werte laufend zu optimieren.<\/em><\/p>\n\n\n\n<p><em>Ich freue mich sehr als Vorstandmitglied meine grosse Erfahrung im SDCA einzubringen.&#8220;<\/em><\/p>\n\n\n\n<p><strong>Sergio Milesi<\/strong>, Pr\u00e4sident der SDCA<br><em>&#8222;Ich freue mich sehr, dass wir mit Andrea einen sehr kompetenten Mann als neues Vorstandsmitglied gewinnen konnten. Ich freue mich sehr auf die Zusammenarbeit.\u201c<\/em><\/p>\n","protected":false},"excerpt":{"rendered":"<p>Wir freuen uns, Andrea Campomilla als neues Mitglied des SDCA-Vorstandes begr\u00fc\u00dfen zu d\u00fcrfen. Andrea wurde vom SDCA Vorstand einstimmig gew\u00e4hlt und wird diese Funktion mit sofortiger Wirkung \u00fcbernehmen&#8230;<\/p>\n","protected":false},"author":1,"featured_media":994,"comment_status":"closed","ping_status":"open","sticky":false,"template":"","format":"standard","meta":{"footnotes":""},"categories":[12],"tags":[],"class_list":["post-157","post","type-post","status-publish","format-standard","has-post-thumbnail","hentry","category-verband"],"yoast_head":"<!-- This site is optimized with the Yoast SEO plugin v27.1.1 - https:\/\/yoast.com\/product\/yoast-seo-wordpress\/ -->\n<title>Neues Vorstandsmitglied bei SDCA | SDCA | Swiss Data Center Association<\/title>\n<meta name=\"robots\" content=\"index, follow, max-snippet:-1, max-image-preview:large, max-video-preview:-1\" \/>\n<link rel=\"canonical\" href=\"https:\/\/sdca.ch\/de\/neues-vorstandsmitglied-bei-sdca\/\" \/>\n<meta property=\"og:locale\" content=\"de_DE\" \/>\n<meta property=\"og:type\" content=\"article\" \/>\n<meta property=\"og:title\" content=\"Neues Vorstandsmitglied bei SDCA | SDCA | Swiss Data Center Association\" \/>\n<meta property=\"og:description\" content=\"Wir freuen uns, Andrea Campomilla als neues Mitglied des SDCA-Vorstandes begr\u00fc\u00dfen zu d\u00fcrfen. Andrea wurde vom SDCA Vorstand einstimmig gew\u00e4hlt und wird diese Funktion mit sofortiger Wirkung \u00fcbernehmen...\" \/>\n<meta property=\"og:url\" content=\"https:\/\/sdca.ch\/de\/neues-vorstandsmitglied-bei-sdca\/\" \/>\n<meta property=\"og:site_name\" content=\"SDCA | Swiss Data Center Association\" \/>\n<meta property=\"article:published_time\" content=\"2022-10-11T10:53:42+00:00\" \/>\n<meta property=\"article:modified_time\" content=\"2023-10-17T17:43:26+00:00\" \/>\n<meta property=\"og:image\" content=\"https:\/\/sdca.ch\/de\/wp-content\/uploads\/2022\/10\/AndreaCampomilla.jpg\" \/>\n\t<meta property=\"og:image:width\" content=\"1200\" \/>\n\t<meta property=\"og:image:height\" content=\"1200\" \/>\n\t<meta property=\"og:image:type\" content=\"image\/jpeg\" \/>\n<meta name=\"author\" content=\"sdca_2023\" \/>\n<meta name=\"twitter:card\" content=\"summary_large_image\" \/>\n<meta name=\"twitter:label1\" content=\"Verfasst von\" \/>\n\t<meta name=\"twitter:data1\" content=\"sdca_2023\" \/>\n\t<meta name=\"twitter:label2\" content=\"Gesch\u00e4tzte Lesezeit\" \/>\n\t<meta name=\"twitter:data2\" content=\"1\u00a0Minute\" \/>\n<script type=\"application\/ld+json\" class=\"yoast-schema-graph\">{\"@context\":\"https:\/\/schema.org\",\"@graph\":[{\"@type\":\"Article\",\"@id\":\"https:\/\/sdca.ch\/de\/neues-vorstandsmitglied-bei-sdca\/#article\",\"isPartOf\":{\"@id\":\"https:\/\/sdca.ch\/de\/neues-vorstandsmitglied-bei-sdca\/\"},\"author\":{\"name\":\"sdca_2023\",\"@id\":\"https:\/\/sdca.ch\/de\/#\/schema\/person\/8dfa4a6955fb92c0f28b8e48484afe4d\"},\"headline\":\"Neues Vorstandsmitglied bei SDCA\",\"datePublished\":\"2022-10-11T10:53:42+00:00\",\"dateModified\":\"2023-10-17T17:43:26+00:00\",\"mainEntityOfPage\":{\"@id\":\"https:\/\/sdca.ch\/de\/neues-vorstandsmitglied-bei-sdca\/\"},\"wordCount\":272,\"publisher\":{\"@id\":\"https:\/\/sdca.ch\/de\/#organization\"},\"image\":{\"@id\":\"https:\/\/sdca.ch\/de\/neues-vorstandsmitglied-bei-sdca\/#primaryimage\"},\"thumbnailUrl\":\"https:\/\/sdca.ch\/de\/wp-content\/uploads\/2022\/10\/AndreaCampomilla.jpg\",\"articleSection\":[\"Verband\"],\"inLanguage\":\"de\"},{\"@type\":\"WebPage\",\"@id\":\"https:\/\/sdca.ch\/de\/neues-vorstandsmitglied-bei-sdca\/\",\"url\":\"https:\/\/sdca.ch\/de\/neues-vorstandsmitglied-bei-sdca\/\",\"name\":\"Neues Vorstandsmitglied bei SDCA | SDCA | Swiss Data Center Association\",\"isPartOf\":{\"@id\":\"https:\/\/sdca.ch\/de\/#website\"},\"primaryImageOfPage\":{\"@id\":\"https:\/\/sdca.ch\/de\/neues-vorstandsmitglied-bei-sdca\/#primaryimage\"},\"image\":{\"@id\":\"https:\/\/sdca.ch\/de\/neues-vorstandsmitglied-bei-sdca\/#primaryimage\"},\"thumbnailUrl\":\"https:\/\/sdca.ch\/de\/wp-content\/uploads\/2022\/10\/AndreaCampomilla.jpg\",\"datePublished\":\"2022-10-11T10:53:42+00:00\",\"dateModified\":\"2023-10-17T17:43:26+00:00\",\"breadcrumb\":{\"@id\":\"https:\/\/sdca.ch\/de\/neues-vorstandsmitglied-bei-sdca\/#breadcrumb\"},\"inLanguage\":\"de\",\"potentialAction\":[{\"@type\":\"ReadAction\",\"target\":[\"https:\/\/sdca.ch\/de\/neues-vorstandsmitglied-bei-sdca\/\"]}]},{\"@type\":\"ImageObject\",\"inLanguage\":\"de\",\"@id\":\"https:\/\/sdca.ch\/de\/neues-vorstandsmitglied-bei-sdca\/#primaryimage\",\"url\":\"https:\/\/sdca.ch\/de\/wp-content\/uploads\/2022\/10\/AndreaCampomilla.jpg\",\"contentUrl\":\"https:\/\/sdca.ch\/de\/wp-content\/uploads\/2022\/10\/AndreaCampomilla.jpg\",\"width\":1200,\"height\":1200},{\"@type\":\"BreadcrumbList\",\"@id\":\"https:\/\/sdca.ch\/de\/neues-vorstandsmitglied-bei-sdca\/#breadcrumb\",\"itemListElement\":[{\"@type\":\"ListItem\",\"position\":1,\"name\":\"Startseite\",\"item\":\"https:\/\/sdca.ch\/de\/\"},{\"@type\":\"ListItem\",\"position\":2,\"name\":\"Neues Vorstandsmitglied bei SDCA\"}]},{\"@type\":\"WebSite\",\"@id\":\"https:\/\/sdca.ch\/de\/#website\",\"url\":\"https:\/\/sdca.ch\/de\/\",\"name\":\"SDCA | Swiss Data Center Association\",\"description\":\"Official website\",\"publisher\":{\"@id\":\"https:\/\/sdca.ch\/de\/#organization\"},\"potentialAction\":[{\"@type\":\"SearchAction\",\"target\":{\"@type\":\"EntryPoint\",\"urlTemplate\":\"https:\/\/sdca.ch\/de\/?s={search_term_string}\"},\"query-input\":{\"@type\":\"PropertyValueSpecification\",\"valueRequired\":true,\"valueName\":\"search_term_string\"}}],\"inLanguage\":\"de\"},{\"@type\":\"Organization\",\"@id\":\"https:\/\/sdca.ch\/de\/#organization\",\"name\":\"SDCA | Swiss Data Center Association\",\"url\":\"https:\/\/sdca.ch\/de\/\",\"logo\":{\"@type\":\"ImageObject\",\"inLanguage\":\"de\",\"@id\":\"https:\/\/sdca.ch\/de\/#\/schema\/logo\/image\/\",\"url\":\"https:\/\/sdca.ch\/de\/wp-content\/uploads\/2023\/08\/SDCA-logo.png\",\"contentUrl\":\"https:\/\/sdca.ch\/de\/wp-content\/uploads\/2023\/08\/SDCA-logo.png\",\"width\":404,\"height\":127,\"caption\":\"SDCA | Swiss Data Center Association\"},\"image\":{\"@id\":\"https:\/\/sdca.ch\/de\/#\/schema\/logo\/image\/\"},\"sameAs\":[\"https:\/\/www.linkedin.com\/company\/vigiswiss\/\"]},{\"@type\":\"Person\",\"@id\":\"https:\/\/sdca.ch\/de\/#\/schema\/person\/8dfa4a6955fb92c0f28b8e48484afe4d\",\"name\":\"sdca_2023\",\"image\":{\"@type\":\"ImageObject\",\"inLanguage\":\"de\",\"@id\":\"https:\/\/sdca.ch\/de\/#\/schema\/person\/image\/\",\"url\":\"https:\/\/secure.gravatar.com\/avatar\/9bea68a1c277f2f9be07c909643049cb5520363a9f2a1fcd3a343f5f28512c48?s=96&d=mm&r=g\",\"contentUrl\":\"https:\/\/secure.gravatar.com\/avatar\/9bea68a1c277f2f9be07c909643049cb5520363a9f2a1fcd3a343f5f28512c48?s=96&d=mm&r=g\",\"caption\":\"sdca_2023\"},\"sameAs\":[\"https:\/\/sdca.ch\/de\"]}]}<\/script>\n<!-- \/ Yoast SEO plugin. -->","yoast_head_json":{"title":"Neues Vorstandsmitglied bei SDCA | SDCA | Swiss Data Center Association","robots":{"index":"index","follow":"follow","max-snippet":"max-snippet:-1","max-image-preview":"max-image-preview:large","max-video-preview":"max-video-preview:-1"},"canonical":"https:\/\/sdca.ch\/de\/neues-vorstandsmitglied-bei-sdca\/","og_locale":"de_DE","og_type":"article","og_title":"Neues Vorstandsmitglied bei SDCA | SDCA | Swiss Data Center Association","og_description":"Wir freuen uns, Andrea Campomilla als neues Mitglied des SDCA-Vorstandes begr\u00fc\u00dfen zu d\u00fcrfen. Andrea wurde vom SDCA Vorstand einstimmig gew\u00e4hlt und wird diese Funktion mit sofortiger Wirkung \u00fcbernehmen...","og_url":"https:\/\/sdca.ch\/de\/neues-vorstandsmitglied-bei-sdca\/","og_site_name":"SDCA | Swiss Data Center Association","article_published_time":"2022-10-11T10:53:42+00:00","article_modified_time":"2023-10-17T17:43:26+00:00","og_image":[{"width":1200,"height":1200,"url":"https:\/\/sdca.ch\/de\/wp-content\/uploads\/2022\/10\/AndreaCampomilla.jpg","type":"image\/jpeg"}],"author":"sdca_2023","twitter_card":"summary_large_image","twitter_misc":{"Verfasst von":"sdca_2023","Gesch\u00e4tzte Lesezeit":"1\u00a0Minute"},"schema":{"@context":"https:\/\/schema.org","@graph":[{"@type":"Article","@id":"https:\/\/sdca.ch\/de\/neues-vorstandsmitglied-bei-sdca\/#article","isPartOf":{"@id":"https:\/\/sdca.ch\/de\/neues-vorstandsmitglied-bei-sdca\/"},"author":{"name":"sdca_2023","@id":"https:\/\/sdca.ch\/de\/#\/schema\/person\/8dfa4a6955fb92c0f28b8e48484afe4d"},"headline":"Neues Vorstandsmitglied bei SDCA","datePublished":"2022-10-11T10:53:42+00:00","dateModified":"2023-10-17T17:43:26+00:00","mainEntityOfPage":{"@id":"https:\/\/sdca.ch\/de\/neues-vorstandsmitglied-bei-sdca\/"},"wordCount":272,"publisher":{"@id":"https:\/\/sdca.ch\/de\/#organization"},"image":{"@id":"https:\/\/sdca.ch\/de\/neues-vorstandsmitglied-bei-sdca\/#primaryimage"},"thumbnailUrl":"https:\/\/sdca.ch\/de\/wp-content\/uploads\/2022\/10\/AndreaCampomilla.jpg","articleSection":["Verband"],"inLanguage":"de"},{"@type":"WebPage","@id":"https:\/\/sdca.ch\/de\/neues-vorstandsmitglied-bei-sdca\/","url":"https:\/\/sdca.ch\/de\/neues-vorstandsmitglied-bei-sdca\/","name":"Neues Vorstandsmitglied bei SDCA | SDCA | Swiss Data Center Association","isPartOf":{"@id":"https:\/\/sdca.ch\/de\/#website"},"primaryImageOfPage":{"@id":"https:\/\/sdca.ch\/de\/neues-vorstandsmitglied-bei-sdca\/#primaryimage"},"image":{"@id":"https:\/\/sdca.ch\/de\/neues-vorstandsmitglied-bei-sdca\/#primaryimage"},"thumbnailUrl":"https:\/\/sdca.ch\/de\/wp-content\/uploads\/2022\/10\/AndreaCampomilla.jpg","datePublished":"2022-10-11T10:53:42+00:00","dateModified":"2023-10-17T17:43:26+00:00","breadcrumb":{"@id":"https:\/\/sdca.ch\/de\/neues-vorstandsmitglied-bei-sdca\/#breadcrumb"},"inLanguage":"de","potentialAction":[{"@type":"ReadAction","target":["https:\/\/sdca.ch\/de\/neues-vorstandsmitglied-bei-sdca\/"]}]},{"@type":"ImageObject","inLanguage":"de","@id":"https:\/\/sdca.ch\/de\/neues-vorstandsmitglied-bei-sdca\/#primaryimage","url":"https:\/\/sdca.ch\/de\/wp-content\/uploads\/2022\/10\/AndreaCampomilla.jpg","contentUrl":"https:\/\/sdca.ch\/de\/wp-content\/uploads\/2022\/10\/AndreaCampomilla.jpg","width":1200,"height":1200},{"@type":"BreadcrumbList","@id":"https:\/\/sdca.ch\/de\/neues-vorstandsmitglied-bei-sdca\/#breadcrumb","itemListElement":[{"@type":"ListItem","position":1,"name":"Startseite","item":"https:\/\/sdca.ch\/de\/"},{"@type":"ListItem","position":2,"name":"Neues Vorstandsmitglied bei SDCA"}]},{"@type":"WebSite","@id":"https:\/\/sdca.ch\/de\/#website","url":"https:\/\/sdca.ch\/de\/","name":"SDCA | Swiss Data Center Association","description":"Official website","publisher":{"@id":"https:\/\/sdca.ch\/de\/#organization"},"potentialAction":[{"@type":"SearchAction","target":{"@type":"EntryPoint","urlTemplate":"https:\/\/sdca.ch\/de\/?s={search_term_string}"},"query-input":{"@type":"PropertyValueSpecification","valueRequired":true,"valueName":"search_term_string"}}],"inLanguage":"de"},{"@type":"Organization","@id":"https:\/\/sdca.ch\/de\/#organization","name":"SDCA | Swiss Data Center Association","url":"https:\/\/sdca.ch\/de\/","logo":{"@type":"ImageObject","inLanguage":"de","@id":"https:\/\/sdca.ch\/de\/#\/schema\/logo\/image\/","url":"https:\/\/sdca.ch\/de\/wp-content\/uploads\/2023\/08\/SDCA-logo.png","contentUrl":"https:\/\/sdca.ch\/de\/wp-content\/uploads\/2023\/08\/SDCA-logo.png","width":404,"height":127,"caption":"SDCA | Swiss Data Center Association"},"image":{"@id":"https:\/\/sdca.ch\/de\/#\/schema\/logo\/image\/"},"sameAs":["https:\/\/www.linkedin.com\/company\/vigiswiss\/"]},{"@type":"Person","@id":"https:\/\/sdca.ch\/de\/#\/schema\/person\/8dfa4a6955fb92c0f28b8e48484afe4d","name":"sdca_2023","image":{"@type":"ImageObject","inLanguage":"de","@id":"https:\/\/sdca.ch\/de\/#\/schema\/person\/image\/","url":"https:\/\/secure.gravatar.com\/avatar\/9bea68a1c277f2f9be07c909643049cb5520363a9f2a1fcd3a343f5f28512c48?s=96&d=mm&r=g","contentUrl":"https:\/\/secure.gravatar.com\/avatar\/9bea68a1c277f2f9be07c909643049cb5520363a9f2a1fcd3a343f5f28512c48?s=96&d=mm&r=g","caption":"sdca_2023"},"sameAs":["https:\/\/sdca.ch\/de"]}]}},"_links":{"self":[{"href":"https:\/\/sdca.ch\/de\/wp-json\/wp\/v2\/posts\/157","targetHints":{"allow":["GET"]}}],"collection":[{"href":"https:\/\/sdca.ch\/de\/wp-json\/wp\/v2\/posts"}],"about":[{"href":"https:\/\/sdca.ch\/de\/wp-json\/wp\/v2\/types\/post"}],"author":[{"embeddable":true,"href":"https:\/\/sdca.ch\/de\/wp-json\/wp\/v2\/users\/1"}],"replies":[{"embeddable":true,"href":"https:\/\/sdca.ch\/de\/wp-json\/wp\/v2\/comments?post=157"}],"version-history":[{"count":0,"href":"https:\/\/sdca.ch\/de\/wp-json\/wp\/v2\/posts\/157\/revisions"}],"wp:featuredmedia":[{"embeddable":true,"href":"https:\/\/sdca.ch\/de\/wp-json\/wp\/v2\/media\/994"}],"wp:attachment":[{"href":"https:\/\/sdca.ch\/de\/wp-json\/wp\/v2\/media?parent=157"}],"wp:term":[{"taxonomy":"category","embeddable":true,"href":"https:\/\/sdca.ch\/de\/wp-json\/wp\/v2\/categories?post=157"},{"taxonomy":"post_tag","embeddable":true,"href":"https:\/\/sdca.ch\/de\/wp-json\/wp\/v2\/tags?post=157"}],"curies":[{"name":"wp","href":"https:\/\/api.w.org\/{rel}","templated":true}]}}