{"id":164,"date":"2023-07-13T10:58:15","date_gmt":"2023-07-13T10:58:15","guid":{"rendered":"https:\/\/sdca.ch\/de\/?p=164"},"modified":"2023-10-17T17:43:55","modified_gmt":"2023-10-17T17:43:55","slug":"willkommen-siemens-als-neues-mitglied-der-sdca","status":"publish","type":"post","link":"https:\/\/sdca.ch\/de\/willkommen-siemens-als-neues-mitglied-der-sdca\/","title":{"rendered":"Willkommen Siemens als neues Mitglied der SDCA"},"content":{"rendered":"\n<p><strong>SDCA heisst die Siemens als neues Mitglied herzlich willkommen.<\/strong><\/p>\n\n\n\n<p>Rechenzentren sind das R\u00fcckgrat unserer Gesellschaft und Industrie. Betreiber stehen vor der Herausforderung, eine 24&#215;7-Verf\u00fcgbarkeit zu gew\u00e4hrleisten, wettbewerbsf\u00e4hig zu sein und noch nie dagewesene Nachhaltigkeitsziele zu erreichen. Unsere Experten bei Siemens arbeiten eng mit unseren Kunden zusammen, um ihre Projekte \u00fcber den gesamten Lebenszyklus und in einer Vielzahl von Disziplinen zu unterst\u00fctzen. Wir tun dies mit einem umfassenden Portfolio an integrierten Rechenzentrumsl\u00f6sungen.<\/p>\n\n\n\n<p>Wir w\u00fcnschen Siemens viel Erfolg und noch viele Jahre erfolgreicher Mitgliedschaft in der SDCA.<\/p>\n\n\n\n<figure class=\"wp-block-image size-full\"><img fetchpriority=\"high\" decoding=\"async\" width=\"448\" height=\"535\" src=\"https:\/\/sdca.ch\/de\/wp-content\/uploads\/2023\/08\/Spilker.jpeg\" alt=\"\" class=\"wp-image-165\" srcset=\"https:\/\/sdca.ch\/de\/wp-content\/uploads\/2023\/08\/Spilker.jpeg 448w, https:\/\/sdca.ch\/de\/wp-content\/uploads\/2023\/08\/Spilker-251x300.jpeg 251w\" sizes=\"(max-width: 448px) 100vw, 448px\" \/><\/figure>\n\n\n\n<p><strong>Tobias Spilker<br><\/strong>Data Center Vertical Market Manager Schweiz<br><em>&#8222;Mit unserer Erfolgsbilanz in der Data Center Industrie und unserem Engagement f\u00fcr die F\u00f6rderung von Resilienz, Nachhaltigkeit und Life Cycle Performance f\u00fcr unsere Kunden war es ein logischer Schritt, der SDCA beizutreten. Aus unserer Sicht als Siemens Smart Infrastructure ist die SDCA ein hervorragendes Netzwerk, um den Wert der Rechenzentrumsbranche und ihren Beitrag zur Gesellschaft zu f\u00f6rdern.<\/em><\/p>\n\n\n\n<p><em>Angesichts der steigenden Herausforderungen durch Regulierung und Digitalisierung ist es zwingend notwendig, Kompetenzen zu b\u00fcndeln und die Netzwerke, an die wir angeschlossen sind, zu nutzen. Nur so ist es m\u00f6glich, mit den rasanten Transformationsprozessen Schritt zu halten und die Wettbewerbsf\u00e4higkeit zu erhalten&#8220;<\/em><\/p>\n\n\n\n<p><strong>Sergio Milesi<br><\/strong>Pr\u00e4sident SDCA<br><em>&#8222;Ich freue mich sehr, Siemens als neues Mitglied begr\u00fcssen zu d\u00fcrfen. Ich bin \u00fcberzeugt, dass die SDCA Siemens erfolgreich unterst\u00fctzen kann.&#8220;<\/em><\/p>\n\n\n\n<p>Link: <a href=\"https:\/\/www.siemens.com\/global\/en\/markets\/data-centers.html\">https:\/\/www.siemens.com\/global\/en\/markets\/data-centers.html<\/a><\/p>\n","protected":false},"excerpt":{"rendered":"<p>Unsere Experten bei Siemens arbeiten eng mit unseren Kunden zusammen, um ihre Projekte \u00fcber den gesamten&#8230;<\/p>\n","protected":false},"author":1,"featured_media":166,"comment_status":"closed","ping_status":"open","sticky":false,"template":"","format":"standard","meta":{"footnotes":""},"categories":[10],"tags":[],"class_list":["post-164","post","type-post","status-publish","format-standard","has-post-thumbnail","hentry","category-mitglieder"],"yoast_head":"<!-- This site is optimized with the Yoast SEO plugin v27.1.1 - https:\/\/yoast.com\/product\/yoast-seo-wordpress\/ -->\n<title>Willkommen Siemens als neues Mitglied der SDCA | SDCA | Swiss Data Center Association<\/title>\n<meta name=\"robots\" content=\"index, follow, max-snippet:-1, max-image-preview:large, max-video-preview:-1\" \/>\n<link rel=\"canonical\" href=\"https:\/\/sdca.ch\/de\/willkommen-siemens-als-neues-mitglied-der-sdca\/\" \/>\n<meta property=\"og:locale\" content=\"de_DE\" \/>\n<meta property=\"og:type\" content=\"article\" \/>\n<meta property=\"og:title\" content=\"Willkommen Siemens als neues Mitglied der SDCA | SDCA | Swiss Data Center Association\" \/>\n<meta property=\"og:description\" content=\"Unsere Experten bei Siemens arbeiten eng mit unseren Kunden zusammen, um ihre Projekte \u00fcber den gesamten...\" \/>\n<meta property=\"og:url\" content=\"https:\/\/sdca.ch\/de\/willkommen-siemens-als-neues-mitglied-der-sdca\/\" \/>\n<meta property=\"og:site_name\" content=\"SDCA | Swiss Data Center Association\" \/>\n<meta property=\"article:published_time\" content=\"2023-07-13T10:58:15+00:00\" \/>\n<meta property=\"article:modified_time\" content=\"2023-10-17T17:43:55+00:00\" \/>\n<meta property=\"og:image\" content=\"https:\/\/sdca.ch\/de\/wp-content\/uploads\/2023\/08\/img_cover-2-scaled.webp\" \/>\n\t<meta property=\"og:image:width\" content=\"2560\" \/>\n\t<meta property=\"og:image:height\" content=\"1153\" \/>\n\t<meta property=\"og:image:type\" content=\"image\/webp\" \/>\n<meta name=\"author\" content=\"sdca_2023\" \/>\n<meta name=\"twitter:card\" content=\"summary_large_image\" \/>\n<meta name=\"twitter:label1\" content=\"Verfasst von\" \/>\n\t<meta name=\"twitter:data1\" content=\"sdca_2023\" \/>\n\t<meta name=\"twitter:label2\" content=\"Gesch\u00e4tzte Lesezeit\" \/>\n\t<meta name=\"twitter:data2\" content=\"1\u00a0Minute\" \/>\n<script type=\"application\/ld+json\" class=\"yoast-schema-graph\">{\"@context\":\"https:\/\/schema.org\",\"@graph\":[{\"@type\":\"Article\",\"@id\":\"https:\/\/sdca.ch\/de\/willkommen-siemens-als-neues-mitglied-der-sdca\/#article\",\"isPartOf\":{\"@id\":\"https:\/\/sdca.ch\/de\/willkommen-siemens-als-neues-mitglied-der-sdca\/\"},\"author\":{\"name\":\"sdca_2023\",\"@id\":\"https:\/\/sdca.ch\/de\/#\/schema\/person\/8dfa4a6955fb92c0f28b8e48484afe4d\"},\"headline\":\"Willkommen Siemens als neues Mitglied der SDCA\",\"datePublished\":\"2023-07-13T10:58:15+00:00\",\"dateModified\":\"2023-10-17T17:43:55+00:00\",\"mainEntityOfPage\":{\"@id\":\"https:\/\/sdca.ch\/de\/willkommen-siemens-als-neues-mitglied-der-sdca\/\"},\"wordCount\":253,\"publisher\":{\"@id\":\"https:\/\/sdca.ch\/de\/#organization\"},\"image\":{\"@id\":\"https:\/\/sdca.ch\/de\/willkommen-siemens-als-neues-mitglied-der-sdca\/#primaryimage\"},\"thumbnailUrl\":\"https:\/\/sdca.ch\/de\/wp-content\/uploads\/2023\/08\/img_cover-2-scaled.webp\",\"articleSection\":[\"Mitglieder\"],\"inLanguage\":\"de\"},{\"@type\":\"WebPage\",\"@id\":\"https:\/\/sdca.ch\/de\/willkommen-siemens-als-neues-mitglied-der-sdca\/\",\"url\":\"https:\/\/sdca.ch\/de\/willkommen-siemens-als-neues-mitglied-der-sdca\/\",\"name\":\"Willkommen Siemens als neues Mitglied der SDCA | SDCA | Swiss Data Center Association\",\"isPartOf\":{\"@id\":\"https:\/\/sdca.ch\/de\/#website\"},\"primaryImageOfPage\":{\"@id\":\"https:\/\/sdca.ch\/de\/willkommen-siemens-als-neues-mitglied-der-sdca\/#primaryimage\"},\"image\":{\"@id\":\"https:\/\/sdca.ch\/de\/willkommen-siemens-als-neues-mitglied-der-sdca\/#primaryimage\"},\"thumbnailUrl\":\"https:\/\/sdca.ch\/de\/wp-content\/uploads\/2023\/08\/img_cover-2-scaled.webp\",\"datePublished\":\"2023-07-13T10:58:15+00:00\",\"dateModified\":\"2023-10-17T17:43:55+00:00\",\"breadcrumb\":{\"@id\":\"https:\/\/sdca.ch\/de\/willkommen-siemens-als-neues-mitglied-der-sdca\/#breadcrumb\"},\"inLanguage\":\"de\",\"potentialAction\":[{\"@type\":\"ReadAction\",\"target\":[\"https:\/\/sdca.ch\/de\/willkommen-siemens-als-neues-mitglied-der-sdca\/\"]}]},{\"@type\":\"ImageObject\",\"inLanguage\":\"de\",\"@id\":\"https:\/\/sdca.ch\/de\/willkommen-siemens-als-neues-mitglied-der-sdca\/#primaryimage\",\"url\":\"https:\/\/sdca.ch\/de\/wp-content\/uploads\/2023\/08\/img_cover-2-scaled.webp\",\"contentUrl\":\"https:\/\/sdca.ch\/de\/wp-content\/uploads\/2023\/08\/img_cover-2-scaled.webp\",\"width\":2560,\"height\":1153},{\"@type\":\"BreadcrumbList\",\"@id\":\"https:\/\/sdca.ch\/de\/willkommen-siemens-als-neues-mitglied-der-sdca\/#breadcrumb\",\"itemListElement\":[{\"@type\":\"ListItem\",\"position\":1,\"name\":\"Startseite\",\"item\":\"https:\/\/sdca.ch\/de\/\"},{\"@type\":\"ListItem\",\"position\":2,\"name\":\"Willkommen Siemens als neues Mitglied der SDCA\"}]},{\"@type\":\"WebSite\",\"@id\":\"https:\/\/sdca.ch\/de\/#website\",\"url\":\"https:\/\/sdca.ch\/de\/\",\"name\":\"SDCA | Swiss Data Center Association\",\"description\":\"Official website\",\"publisher\":{\"@id\":\"https:\/\/sdca.ch\/de\/#organization\"},\"potentialAction\":[{\"@type\":\"SearchAction\",\"target\":{\"@type\":\"EntryPoint\",\"urlTemplate\":\"https:\/\/sdca.ch\/de\/?s={search_term_string}\"},\"query-input\":{\"@type\":\"PropertyValueSpecification\",\"valueRequired\":true,\"valueName\":\"search_term_string\"}}],\"inLanguage\":\"de\"},{\"@type\":\"Organization\",\"@id\":\"https:\/\/sdca.ch\/de\/#organization\",\"name\":\"SDCA | Swiss Data Center Association\",\"url\":\"https:\/\/sdca.ch\/de\/\",\"logo\":{\"@type\":\"ImageObject\",\"inLanguage\":\"de\",\"@id\":\"https:\/\/sdca.ch\/de\/#\/schema\/logo\/image\/\",\"url\":\"https:\/\/sdca.ch\/de\/wp-content\/uploads\/2023\/08\/SDCA-logo.png\",\"contentUrl\":\"https:\/\/sdca.ch\/de\/wp-content\/uploads\/2023\/08\/SDCA-logo.png\",\"width\":404,\"height\":127,\"caption\":\"SDCA | Swiss Data Center Association\"},\"image\":{\"@id\":\"https:\/\/sdca.ch\/de\/#\/schema\/logo\/image\/\"},\"sameAs\":[\"https:\/\/www.linkedin.com\/company\/vigiswiss\/\"]},{\"@type\":\"Person\",\"@id\":\"https:\/\/sdca.ch\/de\/#\/schema\/person\/8dfa4a6955fb92c0f28b8e48484afe4d\",\"name\":\"sdca_2023\",\"image\":{\"@type\":\"ImageObject\",\"inLanguage\":\"de\",\"@id\":\"https:\/\/sdca.ch\/de\/#\/schema\/person\/image\/\",\"url\":\"https:\/\/secure.gravatar.com\/avatar\/9bea68a1c277f2f9be07c909643049cb5520363a9f2a1fcd3a343f5f28512c48?s=96&d=mm&r=g\",\"contentUrl\":\"https:\/\/secure.gravatar.com\/avatar\/9bea68a1c277f2f9be07c909643049cb5520363a9f2a1fcd3a343f5f28512c48?s=96&d=mm&r=g\",\"caption\":\"sdca_2023\"},\"sameAs\":[\"https:\/\/sdca.ch\/de\"]}]}<\/script>\n<!-- \/ Yoast SEO plugin. -->","yoast_head_json":{"title":"Willkommen Siemens als neues Mitglied der SDCA | SDCA | Swiss Data Center Association","robots":{"index":"index","follow":"follow","max-snippet":"max-snippet:-1","max-image-preview":"max-image-preview:large","max-video-preview":"max-video-preview:-1"},"canonical":"https:\/\/sdca.ch\/de\/willkommen-siemens-als-neues-mitglied-der-sdca\/","og_locale":"de_DE","og_type":"article","og_title":"Willkommen Siemens als neues Mitglied der SDCA | SDCA | Swiss Data Center Association","og_description":"Unsere Experten bei Siemens arbeiten eng mit unseren Kunden zusammen, um ihre Projekte \u00fcber den gesamten...","og_url":"https:\/\/sdca.ch\/de\/willkommen-siemens-als-neues-mitglied-der-sdca\/","og_site_name":"SDCA | Swiss Data Center Association","article_published_time":"2023-07-13T10:58:15+00:00","article_modified_time":"2023-10-17T17:43:55+00:00","og_image":[{"width":2560,"height":1153,"url":"https:\/\/sdca.ch\/de\/wp-content\/uploads\/2023\/08\/img_cover-2-scaled.webp","type":"image\/webp"}],"author":"sdca_2023","twitter_card":"summary_large_image","twitter_misc":{"Verfasst von":"sdca_2023","Gesch\u00e4tzte Lesezeit":"1\u00a0Minute"},"schema":{"@context":"https:\/\/schema.org","@graph":[{"@type":"Article","@id":"https:\/\/sdca.ch\/de\/willkommen-siemens-als-neues-mitglied-der-sdca\/#article","isPartOf":{"@id":"https:\/\/sdca.ch\/de\/willkommen-siemens-als-neues-mitglied-der-sdca\/"},"author":{"name":"sdca_2023","@id":"https:\/\/sdca.ch\/de\/#\/schema\/person\/8dfa4a6955fb92c0f28b8e48484afe4d"},"headline":"Willkommen Siemens als neues Mitglied der SDCA","datePublished":"2023-07-13T10:58:15+00:00","dateModified":"2023-10-17T17:43:55+00:00","mainEntityOfPage":{"@id":"https:\/\/sdca.ch\/de\/willkommen-siemens-als-neues-mitglied-der-sdca\/"},"wordCount":253,"publisher":{"@id":"https:\/\/sdca.ch\/de\/#organization"},"image":{"@id":"https:\/\/sdca.ch\/de\/willkommen-siemens-als-neues-mitglied-der-sdca\/#primaryimage"},"thumbnailUrl":"https:\/\/sdca.ch\/de\/wp-content\/uploads\/2023\/08\/img_cover-2-scaled.webp","articleSection":["Mitglieder"],"inLanguage":"de"},{"@type":"WebPage","@id":"https:\/\/sdca.ch\/de\/willkommen-siemens-als-neues-mitglied-der-sdca\/","url":"https:\/\/sdca.ch\/de\/willkommen-siemens-als-neues-mitglied-der-sdca\/","name":"Willkommen Siemens als neues Mitglied der SDCA | SDCA | Swiss Data Center Association","isPartOf":{"@id":"https:\/\/sdca.ch\/de\/#website"},"primaryImageOfPage":{"@id":"https:\/\/sdca.ch\/de\/willkommen-siemens-als-neues-mitglied-der-sdca\/#primaryimage"},"image":{"@id":"https:\/\/sdca.ch\/de\/willkommen-siemens-als-neues-mitglied-der-sdca\/#primaryimage"},"thumbnailUrl":"https:\/\/sdca.ch\/de\/wp-content\/uploads\/2023\/08\/img_cover-2-scaled.webp","datePublished":"2023-07-13T10:58:15+00:00","dateModified":"2023-10-17T17:43:55+00:00","breadcrumb":{"@id":"https:\/\/sdca.ch\/de\/willkommen-siemens-als-neues-mitglied-der-sdca\/#breadcrumb"},"inLanguage":"de","potentialAction":[{"@type":"ReadAction","target":["https:\/\/sdca.ch\/de\/willkommen-siemens-als-neues-mitglied-der-sdca\/"]}]},{"@type":"ImageObject","inLanguage":"de","@id":"https:\/\/sdca.ch\/de\/willkommen-siemens-als-neues-mitglied-der-sdca\/#primaryimage","url":"https:\/\/sdca.ch\/de\/wp-content\/uploads\/2023\/08\/img_cover-2-scaled.webp","contentUrl":"https:\/\/sdca.ch\/de\/wp-content\/uploads\/2023\/08\/img_cover-2-scaled.webp","width":2560,"height":1153},{"@type":"BreadcrumbList","@id":"https:\/\/sdca.ch\/de\/willkommen-siemens-als-neues-mitglied-der-sdca\/#breadcrumb","itemListElement":[{"@type":"ListItem","position":1,"name":"Startseite","item":"https:\/\/sdca.ch\/de\/"},{"@type":"ListItem","position":2,"name":"Willkommen Siemens als neues Mitglied der SDCA"}]},{"@type":"WebSite","@id":"https:\/\/sdca.ch\/de\/#website","url":"https:\/\/sdca.ch\/de\/","name":"SDCA | Swiss Data Center Association","description":"Official website","publisher":{"@id":"https:\/\/sdca.ch\/de\/#organization"},"potentialAction":[{"@type":"SearchAction","target":{"@type":"EntryPoint","urlTemplate":"https:\/\/sdca.ch\/de\/?s={search_term_string}"},"query-input":{"@type":"PropertyValueSpecification","valueRequired":true,"valueName":"search_term_string"}}],"inLanguage":"de"},{"@type":"Organization","@id":"https:\/\/sdca.ch\/de\/#organization","name":"SDCA | Swiss Data Center Association","url":"https:\/\/sdca.ch\/de\/","logo":{"@type":"ImageObject","inLanguage":"de","@id":"https:\/\/sdca.ch\/de\/#\/schema\/logo\/image\/","url":"https:\/\/sdca.ch\/de\/wp-content\/uploads\/2023\/08\/SDCA-logo.png","contentUrl":"https:\/\/sdca.ch\/de\/wp-content\/uploads\/2023\/08\/SDCA-logo.png","width":404,"height":127,"caption":"SDCA | Swiss Data Center Association"},"image":{"@id":"https:\/\/sdca.ch\/de\/#\/schema\/logo\/image\/"},"sameAs":["https:\/\/www.linkedin.com\/company\/vigiswiss\/"]},{"@type":"Person","@id":"https:\/\/sdca.ch\/de\/#\/schema\/person\/8dfa4a6955fb92c0f28b8e48484afe4d","name":"sdca_2023","image":{"@type":"ImageObject","inLanguage":"de","@id":"https:\/\/sdca.ch\/de\/#\/schema\/person\/image\/","url":"https:\/\/secure.gravatar.com\/avatar\/9bea68a1c277f2f9be07c909643049cb5520363a9f2a1fcd3a343f5f28512c48?s=96&d=mm&r=g","contentUrl":"https:\/\/secure.gravatar.com\/avatar\/9bea68a1c277f2f9be07c909643049cb5520363a9f2a1fcd3a343f5f28512c48?s=96&d=mm&r=g","caption":"sdca_2023"},"sameAs":["https:\/\/sdca.ch\/de"]}]}},"_links":{"self":[{"href":"https:\/\/sdca.ch\/de\/wp-json\/wp\/v2\/posts\/164","targetHints":{"allow":["GET"]}}],"collection":[{"href":"https:\/\/sdca.ch\/de\/wp-json\/wp\/v2\/posts"}],"about":[{"href":"https:\/\/sdca.ch\/de\/wp-json\/wp\/v2\/types\/post"}],"author":[{"embeddable":true,"href":"https:\/\/sdca.ch\/de\/wp-json\/wp\/v2\/users\/1"}],"replies":[{"embeddable":true,"href":"https:\/\/sdca.ch\/de\/wp-json\/wp\/v2\/comments?post=164"}],"version-history":[{"count":0,"href":"https:\/\/sdca.ch\/de\/wp-json\/wp\/v2\/posts\/164\/revisions"}],"wp:featuredmedia":[{"embeddable":true,"href":"https:\/\/sdca.ch\/de\/wp-json\/wp\/v2\/media\/166"}],"wp:attachment":[{"href":"https:\/\/sdca.ch\/de\/wp-json\/wp\/v2\/media?parent=164"}],"wp:term":[{"taxonomy":"category","embeddable":true,"href":"https:\/\/sdca.ch\/de\/wp-json\/wp\/v2\/categories?post=164"},{"taxonomy":"post_tag","embeddable":true,"href":"https:\/\/sdca.ch\/de\/wp-json\/wp\/v2\/tags?post=164"}],"curies":[{"name":"wp","href":"https:\/\/api.w.org\/{rel}","templated":true}]}}