{"id":173,"date":"2023-07-24T11:04:09","date_gmt":"2023-07-24T11:04:09","guid":{"rendered":"https:\/\/sdca.ch\/de\/?p=173"},"modified":"2023-10-17T17:44:25","modified_gmt":"2023-10-17T17:44:25","slug":"informationsveranstaltung-mit-dem-bundesamt-fur-energie-bfe","status":"publish","type":"post","link":"https:\/\/sdca.ch\/de\/informationsveranstaltung-mit-dem-bundesamt-fur-energie-bfe\/","title":{"rendered":"Informationsveranstaltung mit dem Bundesamt f\u00fcr Energie (BFE)"},"content":{"rendered":"\n<p><strong>&#8222;Einsatz von Stromgeneratoren bei Strommangellage, M\u00f6glichkeiten und Benefits&#8220;.<\/strong><\/p>\n\n\n\n<p><strong>Exklusives Member-Webinar f\u00fcr unsere SDCA Mitglieder mit dem Bundesamt f\u00fcr Energie.<\/strong><br>Mr. Andr\u00e9 Gross from BFE will present this topic.<\/p>\n\n\n\n<p>Der Bund bereitet sich intensiv auf den kommenden Winter vor und m\u00f6chte die Nutzung von Stromgeneratoren in Datencentern (DC) untersuchen, insbesondere in der Zeit von Mitte Februar bis Ende April. Poolingpartner haben die Chance, von besonderen Vorteilen zu profitieren, da bestimmte Auflagen wie Abgas- und L\u00e4rmschutz w\u00e4hrend dieser Zeit ausgesetzt werden.<\/p>\n\n\n\n<p>Die Verordnung vom Bundesrat vom 3.3.2023 f\u00fcr den Winter 22\/23 wird momentan vom BFU \u00fcberarbeitet. Es wird aber davon ausgegangen, dass die bestehende Verordnung auch f\u00fcr den Winter 23\/24 \u00fcbernommen wird.<\/p>\n\n\n\n<p>Alle Stromgeneratoren mit einer Leistung gr\u00f6sser als 750kW haben die M\u00f6glichkeit gepoolt zu werden. Der Bund beteiligt sich zu meist zu 100% f\u00fcr die Integrationskosten und kommt f\u00fcr alle andere Betriebskosten auf, sogar mit einer kleinen Marge f\u00fcr das DC. Zus\u00e4tzlich beteiligt sich der Bund an der Aufdatierung \u00e4lterer Generatoren, welche nicht den aktuellen Standards entsprechen. Zum Schluss bezahlt der Bund noch eine Bereitstellungpauschale von 10\u2018000 CHF\/Jahr und pro MW.<\/p>\n\n\n\n<p>Das Pooling geschieht via sogenannten Poolingpartner welche das f\u00fcr Swissgrid \u00fcbernehmen. Der Bund hat 5 Poolingpartner ausgew\u00e4hlt: AXPO, BKW, CKW, PRIMEO und VGT. Das DC kann den Poolingpartner selber ausw\u00e4hlen.<\/p>\n\n\n\n<p>Dem Poolingpartner ist es freigestellt den Vertrag auch f\u00fcr ausserhalb der kritischen Zeit abzuschliessen (in dieser Zeit m\u00fcssen aber die Verordnungen eingehalten werden).<\/p>\n\n\n\n<p>SDCA hat seine Mitglieder exklusiv zur Teilnahme an dem Webinar am 22. August eingeladen und ermutigt seine Mitglieder zur Teilnahme an dieser Aktion.<\/p>\n\n\n\n<p>Wir freuen uns auf eine spannende Veranstaltung.<\/p>\n\n\n\n<p>Wenn Sie noch kein Mitglied der SDCA sind und es werden m\u00f6chten, k\u00f6nnen Sie sich direkt hier anmelden: <a href=\"https:\/\/sdca.ch\/de\/mitglieder\/\">https:\/\/sdca.ch\/de\/mitglieder\/<\/a><\/p>\n","protected":false},"excerpt":{"rendered":"<p>Der Bund bereitet sich intensiv auf den kommenden Winter vor und m\u00f6chte die Nutzung von Stromgeneratoren in&#8230;<\/p>\n","protected":false},"author":1,"featured_media":175,"comment_status":"closed","ping_status":"open","sticky":false,"template":"","format":"standard","meta":{"footnotes":""},"categories":[11],"tags":[],"class_list":["post-173","post","type-post","status-publish","format-standard","has-post-thumbnail","hentry","category-info"],"yoast_head":"<!-- This site is optimized with the Yoast SEO plugin v27.1.1 - https:\/\/yoast.com\/product\/yoast-seo-wordpress\/ -->\n<title>Informationsveranstaltung mit dem Bundesamt f\u00fcr Energie (BFE) | SDCA | Swiss Data Center Association<\/title>\n<meta name=\"robots\" content=\"index, follow, max-snippet:-1, max-image-preview:large, max-video-preview:-1\" \/>\n<link rel=\"canonical\" href=\"https:\/\/sdca.ch\/de\/informationsveranstaltung-mit-dem-bundesamt-fur-energie-bfe\/\" \/>\n<meta property=\"og:locale\" content=\"de_DE\" \/>\n<meta property=\"og:type\" content=\"article\" \/>\n<meta property=\"og:title\" content=\"Informationsveranstaltung mit dem Bundesamt f\u00fcr Energie (BFE) | SDCA | Swiss Data Center Association\" \/>\n<meta property=\"og:description\" content=\"Der Bund bereitet sich intensiv auf den kommenden Winter vor und m\u00f6chte die Nutzung von Stromgeneratoren in...\" \/>\n<meta property=\"og:url\" content=\"https:\/\/sdca.ch\/de\/informationsveranstaltung-mit-dem-bundesamt-fur-energie-bfe\/\" \/>\n<meta property=\"og:site_name\" content=\"SDCA | Swiss Data Center Association\" \/>\n<meta property=\"article:published_time\" content=\"2023-07-24T11:04:09+00:00\" \/>\n<meta property=\"article:modified_time\" content=\"2023-10-17T17:44:25+00:00\" \/>\n<meta property=\"og:image\" content=\"https:\/\/sdca.ch\/de\/wp-content\/uploads\/2023\/08\/img_cover_-2.jpeg\" \/>\n\t<meta property=\"og:image:width\" content=\"704\" \/>\n\t<meta property=\"og:image:height\" content=\"396\" \/>\n\t<meta property=\"og:image:type\" content=\"image\/jpeg\" \/>\n<meta name=\"author\" content=\"sdca_2023\" \/>\n<meta name=\"twitter:card\" content=\"summary_large_image\" \/>\n<meta name=\"twitter:label1\" content=\"Verfasst von\" \/>\n\t<meta name=\"twitter:data1\" content=\"sdca_2023\" \/>\n\t<meta name=\"twitter:label2\" content=\"Gesch\u00e4tzte Lesezeit\" \/>\n\t<meta name=\"twitter:data2\" content=\"2\u00a0Minuten\" \/>\n<script type=\"application\/ld+json\" class=\"yoast-schema-graph\">{\"@context\":\"https:\/\/schema.org\",\"@graph\":[{\"@type\":\"Article\",\"@id\":\"https:\/\/sdca.ch\/de\/informationsveranstaltung-mit-dem-bundesamt-fur-energie-bfe\/#article\",\"isPartOf\":{\"@id\":\"https:\/\/sdca.ch\/de\/informationsveranstaltung-mit-dem-bundesamt-fur-energie-bfe\/\"},\"author\":{\"name\":\"sdca_2023\",\"@id\":\"https:\/\/sdca.ch\/de\/#\/schema\/person\/8dfa4a6955fb92c0f28b8e48484afe4d\"},\"headline\":\"Informationsveranstaltung mit dem Bundesamt f\u00fcr Energie (BFE)\",\"datePublished\":\"2023-07-24T11:04:09+00:00\",\"dateModified\":\"2023-10-17T17:44:25+00:00\",\"mainEntityOfPage\":{\"@id\":\"https:\/\/sdca.ch\/de\/informationsveranstaltung-mit-dem-bundesamt-fur-energie-bfe\/\"},\"wordCount\":309,\"publisher\":{\"@id\":\"https:\/\/sdca.ch\/de\/#organization\"},\"image\":{\"@id\":\"https:\/\/sdca.ch\/de\/informationsveranstaltung-mit-dem-bundesamt-fur-energie-bfe\/#primaryimage\"},\"thumbnailUrl\":\"https:\/\/sdca.ch\/de\/wp-content\/uploads\/2023\/08\/img_cover_-2.jpeg\",\"articleSection\":[\"Info\"],\"inLanguage\":\"de\"},{\"@type\":\"WebPage\",\"@id\":\"https:\/\/sdca.ch\/de\/informationsveranstaltung-mit-dem-bundesamt-fur-energie-bfe\/\",\"url\":\"https:\/\/sdca.ch\/de\/informationsveranstaltung-mit-dem-bundesamt-fur-energie-bfe\/\",\"name\":\"Informationsveranstaltung mit dem Bundesamt f\u00fcr Energie (BFE) | SDCA | Swiss Data Center Association\",\"isPartOf\":{\"@id\":\"https:\/\/sdca.ch\/de\/#website\"},\"primaryImageOfPage\":{\"@id\":\"https:\/\/sdca.ch\/de\/informationsveranstaltung-mit-dem-bundesamt-fur-energie-bfe\/#primaryimage\"},\"image\":{\"@id\":\"https:\/\/sdca.ch\/de\/informationsveranstaltung-mit-dem-bundesamt-fur-energie-bfe\/#primaryimage\"},\"thumbnailUrl\":\"https:\/\/sdca.ch\/de\/wp-content\/uploads\/2023\/08\/img_cover_-2.jpeg\",\"datePublished\":\"2023-07-24T11:04:09+00:00\",\"dateModified\":\"2023-10-17T17:44:25+00:00\",\"breadcrumb\":{\"@id\":\"https:\/\/sdca.ch\/de\/informationsveranstaltung-mit-dem-bundesamt-fur-energie-bfe\/#breadcrumb\"},\"inLanguage\":\"de\",\"potentialAction\":[{\"@type\":\"ReadAction\",\"target\":[\"https:\/\/sdca.ch\/de\/informationsveranstaltung-mit-dem-bundesamt-fur-energie-bfe\/\"]}]},{\"@type\":\"ImageObject\",\"inLanguage\":\"de\",\"@id\":\"https:\/\/sdca.ch\/de\/informationsveranstaltung-mit-dem-bundesamt-fur-energie-bfe\/#primaryimage\",\"url\":\"https:\/\/sdca.ch\/de\/wp-content\/uploads\/2023\/08\/img_cover_-2.jpeg\",\"contentUrl\":\"https:\/\/sdca.ch\/de\/wp-content\/uploads\/2023\/08\/img_cover_-2.jpeg\",\"width\":704,\"height\":396},{\"@type\":\"BreadcrumbList\",\"@id\":\"https:\/\/sdca.ch\/de\/informationsveranstaltung-mit-dem-bundesamt-fur-energie-bfe\/#breadcrumb\",\"itemListElement\":[{\"@type\":\"ListItem\",\"position\":1,\"name\":\"Startseite\",\"item\":\"https:\/\/sdca.ch\/de\/\"},{\"@type\":\"ListItem\",\"position\":2,\"name\":\"Informationsveranstaltung mit dem Bundesamt f\u00fcr Energie (BFE)\"}]},{\"@type\":\"WebSite\",\"@id\":\"https:\/\/sdca.ch\/de\/#website\",\"url\":\"https:\/\/sdca.ch\/de\/\",\"name\":\"SDCA | Swiss Data Center Association\",\"description\":\"Official website\",\"publisher\":{\"@id\":\"https:\/\/sdca.ch\/de\/#organization\"},\"potentialAction\":[{\"@type\":\"SearchAction\",\"target\":{\"@type\":\"EntryPoint\",\"urlTemplate\":\"https:\/\/sdca.ch\/de\/?s={search_term_string}\"},\"query-input\":{\"@type\":\"PropertyValueSpecification\",\"valueRequired\":true,\"valueName\":\"search_term_string\"}}],\"inLanguage\":\"de\"},{\"@type\":\"Organization\",\"@id\":\"https:\/\/sdca.ch\/de\/#organization\",\"name\":\"SDCA | Swiss Data Center Association\",\"url\":\"https:\/\/sdca.ch\/de\/\",\"logo\":{\"@type\":\"ImageObject\",\"inLanguage\":\"de\",\"@id\":\"https:\/\/sdca.ch\/de\/#\/schema\/logo\/image\/\",\"url\":\"https:\/\/sdca.ch\/de\/wp-content\/uploads\/2023\/08\/SDCA-logo.png\",\"contentUrl\":\"https:\/\/sdca.ch\/de\/wp-content\/uploads\/2023\/08\/SDCA-logo.png\",\"width\":404,\"height\":127,\"caption\":\"SDCA | Swiss Data Center Association\"},\"image\":{\"@id\":\"https:\/\/sdca.ch\/de\/#\/schema\/logo\/image\/\"},\"sameAs\":[\"https:\/\/www.linkedin.com\/company\/vigiswiss\/\"]},{\"@type\":\"Person\",\"@id\":\"https:\/\/sdca.ch\/de\/#\/schema\/person\/8dfa4a6955fb92c0f28b8e48484afe4d\",\"name\":\"sdca_2023\",\"image\":{\"@type\":\"ImageObject\",\"inLanguage\":\"de\",\"@id\":\"https:\/\/sdca.ch\/de\/#\/schema\/person\/image\/\",\"url\":\"https:\/\/secure.gravatar.com\/avatar\/9bea68a1c277f2f9be07c909643049cb5520363a9f2a1fcd3a343f5f28512c48?s=96&d=mm&r=g\",\"contentUrl\":\"https:\/\/secure.gravatar.com\/avatar\/9bea68a1c277f2f9be07c909643049cb5520363a9f2a1fcd3a343f5f28512c48?s=96&d=mm&r=g\",\"caption\":\"sdca_2023\"},\"sameAs\":[\"https:\/\/sdca.ch\/de\"]}]}<\/script>\n<!-- \/ Yoast SEO plugin. -->","yoast_head_json":{"title":"Informationsveranstaltung mit dem Bundesamt f\u00fcr Energie (BFE) | SDCA | Swiss Data Center Association","robots":{"index":"index","follow":"follow","max-snippet":"max-snippet:-1","max-image-preview":"max-image-preview:large","max-video-preview":"max-video-preview:-1"},"canonical":"https:\/\/sdca.ch\/de\/informationsveranstaltung-mit-dem-bundesamt-fur-energie-bfe\/","og_locale":"de_DE","og_type":"article","og_title":"Informationsveranstaltung mit dem Bundesamt f\u00fcr Energie (BFE) | SDCA | Swiss Data Center Association","og_description":"Der Bund bereitet sich intensiv auf den kommenden Winter vor und m\u00f6chte die Nutzung von Stromgeneratoren in...","og_url":"https:\/\/sdca.ch\/de\/informationsveranstaltung-mit-dem-bundesamt-fur-energie-bfe\/","og_site_name":"SDCA | Swiss Data Center Association","article_published_time":"2023-07-24T11:04:09+00:00","article_modified_time":"2023-10-17T17:44:25+00:00","og_image":[{"width":704,"height":396,"url":"https:\/\/sdca.ch\/de\/wp-content\/uploads\/2023\/08\/img_cover_-2.jpeg","type":"image\/jpeg"}],"author":"sdca_2023","twitter_card":"summary_large_image","twitter_misc":{"Verfasst von":"sdca_2023","Gesch\u00e4tzte Lesezeit":"2\u00a0Minuten"},"schema":{"@context":"https:\/\/schema.org","@graph":[{"@type":"Article","@id":"https:\/\/sdca.ch\/de\/informationsveranstaltung-mit-dem-bundesamt-fur-energie-bfe\/#article","isPartOf":{"@id":"https:\/\/sdca.ch\/de\/informationsveranstaltung-mit-dem-bundesamt-fur-energie-bfe\/"},"author":{"name":"sdca_2023","@id":"https:\/\/sdca.ch\/de\/#\/schema\/person\/8dfa4a6955fb92c0f28b8e48484afe4d"},"headline":"Informationsveranstaltung mit dem Bundesamt f\u00fcr Energie (BFE)","datePublished":"2023-07-24T11:04:09+00:00","dateModified":"2023-10-17T17:44:25+00:00","mainEntityOfPage":{"@id":"https:\/\/sdca.ch\/de\/informationsveranstaltung-mit-dem-bundesamt-fur-energie-bfe\/"},"wordCount":309,"publisher":{"@id":"https:\/\/sdca.ch\/de\/#organization"},"image":{"@id":"https:\/\/sdca.ch\/de\/informationsveranstaltung-mit-dem-bundesamt-fur-energie-bfe\/#primaryimage"},"thumbnailUrl":"https:\/\/sdca.ch\/de\/wp-content\/uploads\/2023\/08\/img_cover_-2.jpeg","articleSection":["Info"],"inLanguage":"de"},{"@type":"WebPage","@id":"https:\/\/sdca.ch\/de\/informationsveranstaltung-mit-dem-bundesamt-fur-energie-bfe\/","url":"https:\/\/sdca.ch\/de\/informationsveranstaltung-mit-dem-bundesamt-fur-energie-bfe\/","name":"Informationsveranstaltung mit dem Bundesamt f\u00fcr Energie (BFE) | SDCA | Swiss Data Center Association","isPartOf":{"@id":"https:\/\/sdca.ch\/de\/#website"},"primaryImageOfPage":{"@id":"https:\/\/sdca.ch\/de\/informationsveranstaltung-mit-dem-bundesamt-fur-energie-bfe\/#primaryimage"},"image":{"@id":"https:\/\/sdca.ch\/de\/informationsveranstaltung-mit-dem-bundesamt-fur-energie-bfe\/#primaryimage"},"thumbnailUrl":"https:\/\/sdca.ch\/de\/wp-content\/uploads\/2023\/08\/img_cover_-2.jpeg","datePublished":"2023-07-24T11:04:09+00:00","dateModified":"2023-10-17T17:44:25+00:00","breadcrumb":{"@id":"https:\/\/sdca.ch\/de\/informationsveranstaltung-mit-dem-bundesamt-fur-energie-bfe\/#breadcrumb"},"inLanguage":"de","potentialAction":[{"@type":"ReadAction","target":["https:\/\/sdca.ch\/de\/informationsveranstaltung-mit-dem-bundesamt-fur-energie-bfe\/"]}]},{"@type":"ImageObject","inLanguage":"de","@id":"https:\/\/sdca.ch\/de\/informationsveranstaltung-mit-dem-bundesamt-fur-energie-bfe\/#primaryimage","url":"https:\/\/sdca.ch\/de\/wp-content\/uploads\/2023\/08\/img_cover_-2.jpeg","contentUrl":"https:\/\/sdca.ch\/de\/wp-content\/uploads\/2023\/08\/img_cover_-2.jpeg","width":704,"height":396},{"@type":"BreadcrumbList","@id":"https:\/\/sdca.ch\/de\/informationsveranstaltung-mit-dem-bundesamt-fur-energie-bfe\/#breadcrumb","itemListElement":[{"@type":"ListItem","position":1,"name":"Startseite","item":"https:\/\/sdca.ch\/de\/"},{"@type":"ListItem","position":2,"name":"Informationsveranstaltung mit dem Bundesamt f\u00fcr Energie (BFE)"}]},{"@type":"WebSite","@id":"https:\/\/sdca.ch\/de\/#website","url":"https:\/\/sdca.ch\/de\/","name":"SDCA | Swiss Data Center Association","description":"Official website","publisher":{"@id":"https:\/\/sdca.ch\/de\/#organization"},"potentialAction":[{"@type":"SearchAction","target":{"@type":"EntryPoint","urlTemplate":"https:\/\/sdca.ch\/de\/?s={search_term_string}"},"query-input":{"@type":"PropertyValueSpecification","valueRequired":true,"valueName":"search_term_string"}}],"inLanguage":"de"},{"@type":"Organization","@id":"https:\/\/sdca.ch\/de\/#organization","name":"SDCA | Swiss Data Center Association","url":"https:\/\/sdca.ch\/de\/","logo":{"@type":"ImageObject","inLanguage":"de","@id":"https:\/\/sdca.ch\/de\/#\/schema\/logo\/image\/","url":"https:\/\/sdca.ch\/de\/wp-content\/uploads\/2023\/08\/SDCA-logo.png","contentUrl":"https:\/\/sdca.ch\/de\/wp-content\/uploads\/2023\/08\/SDCA-logo.png","width":404,"height":127,"caption":"SDCA | Swiss Data Center Association"},"image":{"@id":"https:\/\/sdca.ch\/de\/#\/schema\/logo\/image\/"},"sameAs":["https:\/\/www.linkedin.com\/company\/vigiswiss\/"]},{"@type":"Person","@id":"https:\/\/sdca.ch\/de\/#\/schema\/person\/8dfa4a6955fb92c0f28b8e48484afe4d","name":"sdca_2023","image":{"@type":"ImageObject","inLanguage":"de","@id":"https:\/\/sdca.ch\/de\/#\/schema\/person\/image\/","url":"https:\/\/secure.gravatar.com\/avatar\/9bea68a1c277f2f9be07c909643049cb5520363a9f2a1fcd3a343f5f28512c48?s=96&d=mm&r=g","contentUrl":"https:\/\/secure.gravatar.com\/avatar\/9bea68a1c277f2f9be07c909643049cb5520363a9f2a1fcd3a343f5f28512c48?s=96&d=mm&r=g","caption":"sdca_2023"},"sameAs":["https:\/\/sdca.ch\/de"]}]}},"_links":{"self":[{"href":"https:\/\/sdca.ch\/de\/wp-json\/wp\/v2\/posts\/173","targetHints":{"allow":["GET"]}}],"collection":[{"href":"https:\/\/sdca.ch\/de\/wp-json\/wp\/v2\/posts"}],"about":[{"href":"https:\/\/sdca.ch\/de\/wp-json\/wp\/v2\/types\/post"}],"author":[{"embeddable":true,"href":"https:\/\/sdca.ch\/de\/wp-json\/wp\/v2\/users\/1"}],"replies":[{"embeddable":true,"href":"https:\/\/sdca.ch\/de\/wp-json\/wp\/v2\/comments?post=173"}],"version-history":[{"count":0,"href":"https:\/\/sdca.ch\/de\/wp-json\/wp\/v2\/posts\/173\/revisions"}],"wp:featuredmedia":[{"embeddable":true,"href":"https:\/\/sdca.ch\/de\/wp-json\/wp\/v2\/media\/175"}],"wp:attachment":[{"href":"https:\/\/sdca.ch\/de\/wp-json\/wp\/v2\/media?parent=173"}],"wp:term":[{"taxonomy":"category","embeddable":true,"href":"https:\/\/sdca.ch\/de\/wp-json\/wp\/v2\/categories?post=173"},{"taxonomy":"post_tag","embeddable":true,"href":"https:\/\/sdca.ch\/de\/wp-json\/wp\/v2\/tags?post=173"}],"curies":[{"name":"wp","href":"https:\/\/api.w.org\/{rel}","templated":true}]}}