{"id":3080,"date":"2024-11-28T13:56:09","date_gmt":"2024-11-28T13:56:09","guid":{"rendered":"https:\/\/sdca.ch\/de\/?p=3080"},"modified":"2024-11-28T13:57:18","modified_gmt":"2024-11-28T13:57:18","slug":"zweite-ausgabe-des-data-center-nation-kongresses-in-zuerich","status":"publish","type":"post","link":"https:\/\/sdca.ch\/de\/zweite-ausgabe-des-data-center-nation-kongresses-in-zuerich\/","title":{"rendered":"Zweite Ausgabe des Data Center Nation Kongresses in Z\u00fcrich"},"content":{"rendered":"\n<p>Am 20. November 2024 fand in der Messe Z\u00fcrich die\u00a0<strong>Data Center Nation (DCN)<\/strong>\u00a0statt, bei der wir als <strong>Swiss Data Center Association (SDCA)<\/strong>\u00a0bereits zum zweiten Mal als Partnerin vertreten waren. Die Veranstaltung zog \u00fcber\u00a0<strong>600 Entscheidungstr\u00e4ger<\/strong>\u00a0aus der Schweizer Rechenzentrumsbranche an und bot eine ideale Plattform f\u00fcr den Austausch zu aktuellen Entwicklungen, Herausforderungen und Chancen der Branche.<\/p>\n\n\n\n<p>Die SDCA setzte mit ihrer aktiven Beteiligung wichtige Akzente: Sie brachte sich nicht nur in <strong>Podiumsdiskussionen<\/strong>\u00a0ein, sondern pr\u00e4sentierte auch spannende Vortr\u00e4ge zu zentralen Themen wie <strong>Nachhaltigkeit<\/strong>,\u00a0<strong>hybride IT- und Cloud-L\u00f6sungen<\/strong>\u00a0sowie\u00a0<strong>Rechenzentrumsimmobilien<\/strong>. Ein besonderes Highlight war die Podiumsdiskussion\u00a0<strong>\u201eGemeinsam f\u00fcr digitale Unabh\u00e4ngigkeit: Zusammenarbeit zwischen Politik und Wirtschaft bei der Entwicklung von Rechenzentren\u201c<\/strong>, bei der\u00a0<strong>Yves Zischek<\/strong>\u00a0(Vorstandsmitglied der SDCA und Gesch\u00e4ftsf\u00fchrer von Digital Realty Switzerland) und\u00a0<strong>Roger S\u00fcess<\/strong>\u00a0(ebenfalls Vorstandsmitglied der SDCA und CEO von Green) ihre Expertise einbrachten.<\/p>\n\n\n\n<figure class=\"wp-block-image size-large\"><img fetchpriority=\"high\" decoding=\"async\" width=\"1024\" height=\"768\" src=\"https:\/\/sdca.ch\/de\/wp-content\/uploads\/2024\/11\/SDCA-at-DCN-1024x768.jpg\" alt=\"\" class=\"wp-image-3081\" srcset=\"https:\/\/sdca.ch\/de\/wp-content\/uploads\/2024\/11\/SDCA-at-DCN-1024x768.jpg 1024w, https:\/\/sdca.ch\/de\/wp-content\/uploads\/2024\/11\/SDCA-at-DCN-300x225.jpg 300w, https:\/\/sdca.ch\/de\/wp-content\/uploads\/2024\/11\/SDCA-at-DCN-768x576.jpg 768w, https:\/\/sdca.ch\/de\/wp-content\/uploads\/2024\/11\/SDCA-at-DCN-1536x1152.jpg 1536w, https:\/\/sdca.ch\/de\/wp-content\/uploads\/2024\/11\/SDCA-at-DCN.jpg 2048w\" sizes=\"(max-width: 1024px) 100vw, 1024px\" \/><\/figure>\n\n\n\n<p>Die starke Pr\u00e4senz der SDCA bei der\u00a0<strong>DCN Z\u00fcrich 2024<\/strong>\u00a0unterstreicht ihr Engagement f\u00fcr die nachhaltige F\u00f6rderung und Weiterentwicklung der Schweizer Rechenzentrumsbranche. Durch die enge Zusammenarbeit mit f\u00fchrenden Akteuren und die Teilnahme an bedeutenden Veranstaltungen wie der DCN gestaltet die SDCA aktiv die Zukunft der digitalen Infrastruktur in der Schweiz.<\/p>\n\n\n\n<p><a href=\"https:\/\/datacenternation.com\/dcn-zurich-2024\/\">Hier finden Sie weitere Eindr\u00fccke, Interviews und Informationen.<\/a><\/p>\n","protected":false},"excerpt":{"rendered":"<p>Am 20. November 2024 fand in der Messe Z\u00fcrich die\u00a0Data Center Nation (DCN)\u00a0statt.<\/p>\n","protected":false},"author":1,"featured_media":3082,"comment_status":"closed","ping_status":"closed","sticky":false,"template":"","format":"standard","meta":{"footnotes":""},"categories":[12],"tags":[],"class_list":["post-3080","post","type-post","status-publish","format-standard","has-post-thumbnail","hentry","category-verband"],"yoast_head":"<!-- This site is optimized with the Yoast SEO plugin v27.1.1 - https:\/\/yoast.com\/product\/yoast-seo-wordpress\/ -->\n<title>Zweite Ausgabe des Data Center Nation Kongresses in Z\u00fcrich | SDCA | Swiss Data Center Association<\/title>\n<meta name=\"description\" content=\"Am 20. November 2024 fand in der Messe Z\u00fcrich die\u00a0Data Center Nation (DCN)\u00a0statt, bei der die\u00a0Swiss Data Center Association (SDCA)\u00a0bereits zum zweiten Mal als Partnerin vertreten war. Die Veranstaltung zog \u00fcber\u00a0600 Entscheidungstr\u00e4ger\u00a0aus der Schweizer Rechenzentrumsbranche an und bot eine ideale Plattform f\u00fcr den Austausch zu aktuellen Entwicklungen, Herausforderungen und Chancen der Branche.\" \/>\n<meta name=\"robots\" content=\"index, follow, max-snippet:-1, max-image-preview:large, max-video-preview:-1\" \/>\n<link rel=\"canonical\" href=\"https:\/\/sdca.ch\/de\/zweite-ausgabe-des-data-center-nation-kongresses-in-zuerich\/\" \/>\n<meta property=\"og:locale\" content=\"de_DE\" \/>\n<meta property=\"og:type\" content=\"article\" \/>\n<meta property=\"og:title\" content=\"Zweite Ausgabe des Data Center Nation Kongresses in Z\u00fcrich | SDCA | Swiss Data Center Association\" \/>\n<meta property=\"og:description\" content=\"Am 20. November 2024 fand in der Messe Z\u00fcrich die\u00a0Data Center Nation (DCN)\u00a0statt, bei der die\u00a0Swiss Data Center Association (SDCA)\u00a0bereits zum zweiten Mal als Partnerin vertreten war. Die Veranstaltung zog \u00fcber\u00a0600 Entscheidungstr\u00e4ger\u00a0aus der Schweizer Rechenzentrumsbranche an und bot eine ideale Plattform f\u00fcr den Austausch zu aktuellen Entwicklungen, Herausforderungen und Chancen der Branche.\" \/>\n<meta property=\"og:url\" content=\"https:\/\/sdca.ch\/de\/zweite-ausgabe-des-data-center-nation-kongresses-in-zuerich\/\" \/>\n<meta property=\"og:site_name\" content=\"SDCA | Swiss Data Center Association\" \/>\n<meta property=\"article:published_time\" content=\"2024-11-28T13:56:09+00:00\" \/>\n<meta property=\"article:modified_time\" content=\"2024-11-28T13:57:18+00:00\" \/>\n<meta property=\"og:image\" content=\"https:\/\/sdca.ch\/de\/wp-content\/uploads\/2024\/11\/Sergio-Milesi-SDCA.jpg\" \/>\n\t<meta property=\"og:image:width\" content=\"2048\" \/>\n\t<meta property=\"og:image:height\" content=\"1536\" \/>\n\t<meta property=\"og:image:type\" content=\"image\/jpeg\" \/>\n<meta name=\"author\" content=\"sdca_2023\" \/>\n<meta name=\"twitter:card\" content=\"summary_large_image\" \/>\n<meta name=\"twitter:label1\" content=\"Verfasst von\" \/>\n\t<meta name=\"twitter:data1\" content=\"sdca_2023\" \/>\n\t<meta name=\"twitter:label2\" content=\"Gesch\u00e4tzte Lesezeit\" \/>\n\t<meta name=\"twitter:data2\" content=\"2\u00a0Minuten\" \/>\n<script type=\"application\/ld+json\" class=\"yoast-schema-graph\">{\"@context\":\"https:\/\/schema.org\",\"@graph\":[{\"@type\":\"Article\",\"@id\":\"https:\/\/sdca.ch\/de\/zweite-ausgabe-des-data-center-nation-kongresses-in-zuerich\/#article\",\"isPartOf\":{\"@id\":\"https:\/\/sdca.ch\/de\/zweite-ausgabe-des-data-center-nation-kongresses-in-zuerich\/\"},\"author\":{\"name\":\"sdca_2023\",\"@id\":\"https:\/\/sdca.ch\/de\/#\/schema\/person\/8dfa4a6955fb92c0f28b8e48484afe4d\"},\"headline\":\"Zweite Ausgabe des Data Center Nation Kongresses in Z\u00fcrich\",\"datePublished\":\"2024-11-28T13:56:09+00:00\",\"dateModified\":\"2024-11-28T13:57:18+00:00\",\"mainEntityOfPage\":{\"@id\":\"https:\/\/sdca.ch\/de\/zweite-ausgabe-des-data-center-nation-kongresses-in-zuerich\/\"},\"wordCount\":220,\"publisher\":{\"@id\":\"https:\/\/sdca.ch\/de\/#organization\"},\"image\":{\"@id\":\"https:\/\/sdca.ch\/de\/zweite-ausgabe-des-data-center-nation-kongresses-in-zuerich\/#primaryimage\"},\"thumbnailUrl\":\"https:\/\/sdca.ch\/de\/wp-content\/uploads\/2024\/11\/Sergio-Milesi-SDCA.jpg\",\"articleSection\":[\"Verband\"],\"inLanguage\":\"de\"},{\"@type\":\"WebPage\",\"@id\":\"https:\/\/sdca.ch\/de\/zweite-ausgabe-des-data-center-nation-kongresses-in-zuerich\/\",\"url\":\"https:\/\/sdca.ch\/de\/zweite-ausgabe-des-data-center-nation-kongresses-in-zuerich\/\",\"name\":\"Zweite Ausgabe des Data Center Nation Kongresses in Z\u00fcrich | SDCA | Swiss Data Center Association\",\"isPartOf\":{\"@id\":\"https:\/\/sdca.ch\/de\/#website\"},\"primaryImageOfPage\":{\"@id\":\"https:\/\/sdca.ch\/de\/zweite-ausgabe-des-data-center-nation-kongresses-in-zuerich\/#primaryimage\"},\"image\":{\"@id\":\"https:\/\/sdca.ch\/de\/zweite-ausgabe-des-data-center-nation-kongresses-in-zuerich\/#primaryimage\"},\"thumbnailUrl\":\"https:\/\/sdca.ch\/de\/wp-content\/uploads\/2024\/11\/Sergio-Milesi-SDCA.jpg\",\"datePublished\":\"2024-11-28T13:56:09+00:00\",\"dateModified\":\"2024-11-28T13:57:18+00:00\",\"description\":\"Am 20. November 2024 fand in der Messe Z\u00fcrich die\u00a0Data Center Nation (DCN)\u00a0statt, bei der die\u00a0Swiss Data Center Association (SDCA)\u00a0bereits zum zweiten Mal als Partnerin vertreten war. Die Veranstaltung zog \u00fcber\u00a0600 Entscheidungstr\u00e4ger\u00a0aus der Schweizer Rechenzentrumsbranche an und bot eine ideale Plattform f\u00fcr den Austausch zu aktuellen Entwicklungen, Herausforderungen und Chancen der Branche.\",\"breadcrumb\":{\"@id\":\"https:\/\/sdca.ch\/de\/zweite-ausgabe-des-data-center-nation-kongresses-in-zuerich\/#breadcrumb\"},\"inLanguage\":\"de\",\"potentialAction\":[{\"@type\":\"ReadAction\",\"target\":[\"https:\/\/sdca.ch\/de\/zweite-ausgabe-des-data-center-nation-kongresses-in-zuerich\/\"]}]},{\"@type\":\"ImageObject\",\"inLanguage\":\"de\",\"@id\":\"https:\/\/sdca.ch\/de\/zweite-ausgabe-des-data-center-nation-kongresses-in-zuerich\/#primaryimage\",\"url\":\"https:\/\/sdca.ch\/de\/wp-content\/uploads\/2024\/11\/Sergio-Milesi-SDCA.jpg\",\"contentUrl\":\"https:\/\/sdca.ch\/de\/wp-content\/uploads\/2024\/11\/Sergio-Milesi-SDCA.jpg\",\"width\":2048,\"height\":1536},{\"@type\":\"BreadcrumbList\",\"@id\":\"https:\/\/sdca.ch\/de\/zweite-ausgabe-des-data-center-nation-kongresses-in-zuerich\/#breadcrumb\",\"itemListElement\":[{\"@type\":\"ListItem\",\"position\":1,\"name\":\"Startseite\",\"item\":\"https:\/\/sdca.ch\/de\/\"},{\"@type\":\"ListItem\",\"position\":2,\"name\":\"Zweite Ausgabe des Data Center Nation Kongresses in Z\u00fcrich\"}]},{\"@type\":\"WebSite\",\"@id\":\"https:\/\/sdca.ch\/de\/#website\",\"url\":\"https:\/\/sdca.ch\/de\/\",\"name\":\"SDCA | Swiss Data Center Association\",\"description\":\"Official website\",\"publisher\":{\"@id\":\"https:\/\/sdca.ch\/de\/#organization\"},\"potentialAction\":[{\"@type\":\"SearchAction\",\"target\":{\"@type\":\"EntryPoint\",\"urlTemplate\":\"https:\/\/sdca.ch\/de\/?s={search_term_string}\"},\"query-input\":{\"@type\":\"PropertyValueSpecification\",\"valueRequired\":true,\"valueName\":\"search_term_string\"}}],\"inLanguage\":\"de\"},{\"@type\":\"Organization\",\"@id\":\"https:\/\/sdca.ch\/de\/#organization\",\"name\":\"SDCA | Swiss Data Center Association\",\"url\":\"https:\/\/sdca.ch\/de\/\",\"logo\":{\"@type\":\"ImageObject\",\"inLanguage\":\"de\",\"@id\":\"https:\/\/sdca.ch\/de\/#\/schema\/logo\/image\/\",\"url\":\"https:\/\/sdca.ch\/de\/wp-content\/uploads\/2023\/08\/SDCA-logo.png\",\"contentUrl\":\"https:\/\/sdca.ch\/de\/wp-content\/uploads\/2023\/08\/SDCA-logo.png\",\"width\":404,\"height\":127,\"caption\":\"SDCA | Swiss Data Center Association\"},\"image\":{\"@id\":\"https:\/\/sdca.ch\/de\/#\/schema\/logo\/image\/\"},\"sameAs\":[\"https:\/\/www.linkedin.com\/company\/vigiswiss\/\"]},{\"@type\":\"Person\",\"@id\":\"https:\/\/sdca.ch\/de\/#\/schema\/person\/8dfa4a6955fb92c0f28b8e48484afe4d\",\"name\":\"sdca_2023\",\"image\":{\"@type\":\"ImageObject\",\"inLanguage\":\"de\",\"@id\":\"https:\/\/sdca.ch\/de\/#\/schema\/person\/image\/\",\"url\":\"https:\/\/secure.gravatar.com\/avatar\/9bea68a1c277f2f9be07c909643049cb5520363a9f2a1fcd3a343f5f28512c48?s=96&d=mm&r=g\",\"contentUrl\":\"https:\/\/secure.gravatar.com\/avatar\/9bea68a1c277f2f9be07c909643049cb5520363a9f2a1fcd3a343f5f28512c48?s=96&d=mm&r=g\",\"caption\":\"sdca_2023\"},\"sameAs\":[\"https:\/\/sdca.ch\/de\"]}]}<\/script>\n<!-- \/ Yoast SEO plugin. -->","yoast_head_json":{"title":"Zweite Ausgabe des Data Center Nation Kongresses in Z\u00fcrich | SDCA | Swiss Data Center Association","description":"Am 20. November 2024 fand in der Messe Z\u00fcrich die\u00a0Data Center Nation (DCN)\u00a0statt, bei der die\u00a0Swiss Data Center Association (SDCA)\u00a0bereits zum zweiten Mal als Partnerin vertreten war. Die Veranstaltung zog \u00fcber\u00a0600 Entscheidungstr\u00e4ger\u00a0aus der Schweizer Rechenzentrumsbranche an und bot eine ideale Plattform f\u00fcr den Austausch zu aktuellen Entwicklungen, Herausforderungen und Chancen der Branche.","robots":{"index":"index","follow":"follow","max-snippet":"max-snippet:-1","max-image-preview":"max-image-preview:large","max-video-preview":"max-video-preview:-1"},"canonical":"https:\/\/sdca.ch\/de\/zweite-ausgabe-des-data-center-nation-kongresses-in-zuerich\/","og_locale":"de_DE","og_type":"article","og_title":"Zweite Ausgabe des Data Center Nation Kongresses in Z\u00fcrich | SDCA | Swiss Data Center Association","og_description":"Am 20. November 2024 fand in der Messe Z\u00fcrich die\u00a0Data Center Nation (DCN)\u00a0statt, bei der die\u00a0Swiss Data Center Association (SDCA)\u00a0bereits zum zweiten Mal als Partnerin vertreten war. Die Veranstaltung zog \u00fcber\u00a0600 Entscheidungstr\u00e4ger\u00a0aus der Schweizer Rechenzentrumsbranche an und bot eine ideale Plattform f\u00fcr den Austausch zu aktuellen Entwicklungen, Herausforderungen und Chancen der Branche.","og_url":"https:\/\/sdca.ch\/de\/zweite-ausgabe-des-data-center-nation-kongresses-in-zuerich\/","og_site_name":"SDCA | Swiss Data Center Association","article_published_time":"2024-11-28T13:56:09+00:00","article_modified_time":"2024-11-28T13:57:18+00:00","og_image":[{"width":2048,"height":1536,"url":"https:\/\/sdca.ch\/de\/wp-content\/uploads\/2024\/11\/Sergio-Milesi-SDCA.jpg","type":"image\/jpeg"}],"author":"sdca_2023","twitter_card":"summary_large_image","twitter_misc":{"Verfasst von":"sdca_2023","Gesch\u00e4tzte Lesezeit":"2\u00a0Minuten"},"schema":{"@context":"https:\/\/schema.org","@graph":[{"@type":"Article","@id":"https:\/\/sdca.ch\/de\/zweite-ausgabe-des-data-center-nation-kongresses-in-zuerich\/#article","isPartOf":{"@id":"https:\/\/sdca.ch\/de\/zweite-ausgabe-des-data-center-nation-kongresses-in-zuerich\/"},"author":{"name":"sdca_2023","@id":"https:\/\/sdca.ch\/de\/#\/schema\/person\/8dfa4a6955fb92c0f28b8e48484afe4d"},"headline":"Zweite Ausgabe des Data Center Nation Kongresses in Z\u00fcrich","datePublished":"2024-11-28T13:56:09+00:00","dateModified":"2024-11-28T13:57:18+00:00","mainEntityOfPage":{"@id":"https:\/\/sdca.ch\/de\/zweite-ausgabe-des-data-center-nation-kongresses-in-zuerich\/"},"wordCount":220,"publisher":{"@id":"https:\/\/sdca.ch\/de\/#organization"},"image":{"@id":"https:\/\/sdca.ch\/de\/zweite-ausgabe-des-data-center-nation-kongresses-in-zuerich\/#primaryimage"},"thumbnailUrl":"https:\/\/sdca.ch\/de\/wp-content\/uploads\/2024\/11\/Sergio-Milesi-SDCA.jpg","articleSection":["Verband"],"inLanguage":"de"},{"@type":"WebPage","@id":"https:\/\/sdca.ch\/de\/zweite-ausgabe-des-data-center-nation-kongresses-in-zuerich\/","url":"https:\/\/sdca.ch\/de\/zweite-ausgabe-des-data-center-nation-kongresses-in-zuerich\/","name":"Zweite Ausgabe des Data Center Nation Kongresses in Z\u00fcrich | SDCA | Swiss Data Center Association","isPartOf":{"@id":"https:\/\/sdca.ch\/de\/#website"},"primaryImageOfPage":{"@id":"https:\/\/sdca.ch\/de\/zweite-ausgabe-des-data-center-nation-kongresses-in-zuerich\/#primaryimage"},"image":{"@id":"https:\/\/sdca.ch\/de\/zweite-ausgabe-des-data-center-nation-kongresses-in-zuerich\/#primaryimage"},"thumbnailUrl":"https:\/\/sdca.ch\/de\/wp-content\/uploads\/2024\/11\/Sergio-Milesi-SDCA.jpg","datePublished":"2024-11-28T13:56:09+00:00","dateModified":"2024-11-28T13:57:18+00:00","description":"Am 20. November 2024 fand in der Messe Z\u00fcrich die\u00a0Data Center Nation (DCN)\u00a0statt, bei der die\u00a0Swiss Data Center Association (SDCA)\u00a0bereits zum zweiten Mal als Partnerin vertreten war. Die Veranstaltung zog \u00fcber\u00a0600 Entscheidungstr\u00e4ger\u00a0aus der Schweizer Rechenzentrumsbranche an und bot eine ideale Plattform f\u00fcr den Austausch zu aktuellen Entwicklungen, Herausforderungen und Chancen der Branche.","breadcrumb":{"@id":"https:\/\/sdca.ch\/de\/zweite-ausgabe-des-data-center-nation-kongresses-in-zuerich\/#breadcrumb"},"inLanguage":"de","potentialAction":[{"@type":"ReadAction","target":["https:\/\/sdca.ch\/de\/zweite-ausgabe-des-data-center-nation-kongresses-in-zuerich\/"]}]},{"@type":"ImageObject","inLanguage":"de","@id":"https:\/\/sdca.ch\/de\/zweite-ausgabe-des-data-center-nation-kongresses-in-zuerich\/#primaryimage","url":"https:\/\/sdca.ch\/de\/wp-content\/uploads\/2024\/11\/Sergio-Milesi-SDCA.jpg","contentUrl":"https:\/\/sdca.ch\/de\/wp-content\/uploads\/2024\/11\/Sergio-Milesi-SDCA.jpg","width":2048,"height":1536},{"@type":"BreadcrumbList","@id":"https:\/\/sdca.ch\/de\/zweite-ausgabe-des-data-center-nation-kongresses-in-zuerich\/#breadcrumb","itemListElement":[{"@type":"ListItem","position":1,"name":"Startseite","item":"https:\/\/sdca.ch\/de\/"},{"@type":"ListItem","position":2,"name":"Zweite Ausgabe des Data Center Nation Kongresses in Z\u00fcrich"}]},{"@type":"WebSite","@id":"https:\/\/sdca.ch\/de\/#website","url":"https:\/\/sdca.ch\/de\/","name":"SDCA | Swiss Data Center Association","description":"Official website","publisher":{"@id":"https:\/\/sdca.ch\/de\/#organization"},"potentialAction":[{"@type":"SearchAction","target":{"@type":"EntryPoint","urlTemplate":"https:\/\/sdca.ch\/de\/?s={search_term_string}"},"query-input":{"@type":"PropertyValueSpecification","valueRequired":true,"valueName":"search_term_string"}}],"inLanguage":"de"},{"@type":"Organization","@id":"https:\/\/sdca.ch\/de\/#organization","name":"SDCA | Swiss Data Center Association","url":"https:\/\/sdca.ch\/de\/","logo":{"@type":"ImageObject","inLanguage":"de","@id":"https:\/\/sdca.ch\/de\/#\/schema\/logo\/image\/","url":"https:\/\/sdca.ch\/de\/wp-content\/uploads\/2023\/08\/SDCA-logo.png","contentUrl":"https:\/\/sdca.ch\/de\/wp-content\/uploads\/2023\/08\/SDCA-logo.png","width":404,"height":127,"caption":"SDCA | Swiss Data Center Association"},"image":{"@id":"https:\/\/sdca.ch\/de\/#\/schema\/logo\/image\/"},"sameAs":["https:\/\/www.linkedin.com\/company\/vigiswiss\/"]},{"@type":"Person","@id":"https:\/\/sdca.ch\/de\/#\/schema\/person\/8dfa4a6955fb92c0f28b8e48484afe4d","name":"sdca_2023","image":{"@type":"ImageObject","inLanguage":"de","@id":"https:\/\/sdca.ch\/de\/#\/schema\/person\/image\/","url":"https:\/\/secure.gravatar.com\/avatar\/9bea68a1c277f2f9be07c909643049cb5520363a9f2a1fcd3a343f5f28512c48?s=96&d=mm&r=g","contentUrl":"https:\/\/secure.gravatar.com\/avatar\/9bea68a1c277f2f9be07c909643049cb5520363a9f2a1fcd3a343f5f28512c48?s=96&d=mm&r=g","caption":"sdca_2023"},"sameAs":["https:\/\/sdca.ch\/de"]}]}},"_links":{"self":[{"href":"https:\/\/sdca.ch\/de\/wp-json\/wp\/v2\/posts\/3080","targetHints":{"allow":["GET"]}}],"collection":[{"href":"https:\/\/sdca.ch\/de\/wp-json\/wp\/v2\/posts"}],"about":[{"href":"https:\/\/sdca.ch\/de\/wp-json\/wp\/v2\/types\/post"}],"author":[{"embeddable":true,"href":"https:\/\/sdca.ch\/de\/wp-json\/wp\/v2\/users\/1"}],"replies":[{"embeddable":true,"href":"https:\/\/sdca.ch\/de\/wp-json\/wp\/v2\/comments?post=3080"}],"version-history":[{"count":0,"href":"https:\/\/sdca.ch\/de\/wp-json\/wp\/v2\/posts\/3080\/revisions"}],"wp:featuredmedia":[{"embeddable":true,"href":"https:\/\/sdca.ch\/de\/wp-json\/wp\/v2\/media\/3082"}],"wp:attachment":[{"href":"https:\/\/sdca.ch\/de\/wp-json\/wp\/v2\/media?parent=3080"}],"wp:term":[{"taxonomy":"category","embeddable":true,"href":"https:\/\/sdca.ch\/de\/wp-json\/wp\/v2\/categories?post=3080"},{"taxonomy":"post_tag","embeddable":true,"href":"https:\/\/sdca.ch\/de\/wp-json\/wp\/v2\/tags?post=3080"}],"curies":[{"name":"wp","href":"https:\/\/api.w.org\/{rel}","templated":true}]}}