{"id":3168,"date":"2025-03-26T17:56:52","date_gmt":"2025-03-26T17:56:52","guid":{"rendered":"https:\/\/sdca.ch\/de\/?p=3168"},"modified":"2025-03-26T17:58:21","modified_gmt":"2025-03-26T17:58:21","slug":"sdca-strategie-meeting-weichenstellung-fuer-die-zukunft","status":"publish","type":"post","link":"https:\/\/sdca.ch\/de\/sdca-strategie-meeting-weichenstellung-fuer-die-zukunft\/","title":{"rendered":"SDCA Strategie-Meeting: Weichenstellung f\u00fcr die Zukunft"},"content":{"rendered":"\t\t<div data-elementor-type=\"wp-post\" data-elementor-id=\"3168\" class=\"elementor elementor-3168\" data-elementor-post-type=\"post\">\n\t\t\t\t<div class=\"elementor-element elementor-element-7b5d0464 e-flex e-con-boxed e-con e-parent\" data-id=\"7b5d0464\" data-element_type=\"container\" data-e-type=\"container\">\n\t\t\t\t\t<div class=\"e-con-inner\">\n\t\t\t\t<div class=\"elementor-element elementor-element-29512819 elementor-widget elementor-widget-text-editor\" data-id=\"29512819\" data-element_type=\"widget\" data-e-type=\"widget\" data-widget_type=\"text-editor.default\">\n\t\t\t\t<div class=\"elementor-widget-container\">\n\t\t\t\t\t\t\t\t\t<p data-start=\"203\" data-end=\"503\"><span style=\"color: #000000;\">Am 26. M\u00e4rz 2025 fand das Strategie-Meeting des SDCA-Vorstands statt \u2013 ein entscheidender Meilenstein f\u00fcr die strategische Ausrichtung unseres Verbandes in den kommenden Jahren. In inspirierender Umgebung wurde intensiv diskutiert, reflektiert und mit viel Innovationsgeist an der Zukunft gearbeitet.<\/span><\/p><p data-start=\"505\" data-end=\"543\"><span style=\"color: #000000;\"><strong data-start=\"505\" data-end=\"543\">Klare Vision. Starke Schwerpunkte.<br \/><\/strong><\/span><span style=\"color: #000000;\">Ziel des Treffens war es, die n\u00e4chsten Entwicklungsschritte des Verbandes zu definieren und strategische Handlungsfelder zu priorisieren. Im Zentrum standen dabei die Bed\u00fcrfnisse unserer Mitglieder und die Frage, wie wir diesen k\u00fcnftig noch mehr Mehrwert bieten k\u00f6nnen.<\/span><\/p><p data-start=\"816\" data-end=\"860\"><span style=\"color: #000000;\">Die f\u00fcnf strategischen Fokusbereiche lauten:<\/span><\/p><ul data-start=\"862\" data-end=\"1330\"><li class=\"\" data-start=\"862\" data-end=\"962\"><p data-start=\"864\" data-end=\"962\"><span style=\"color: #000000;\"><strong data-start=\"864\" data-end=\"882\">Nachhaltigkeit<\/strong>: Entwicklung und Umsetzung zukunftsf\u00e4higer Konzepte zur St\u00e4rkung der Branche.<\/span><\/p><\/li><li class=\"\" data-start=\"963\" data-end=\"1058\"><p data-start=\"965\" data-end=\"1058\"><span style=\"color: #000000;\"><strong data-start=\"965\" data-end=\"981\">Sichtbarkeit<\/strong>: Ausbau von Public Affairs &amp; Public Relations zur Positionierung des SDCA.<\/span><\/p><\/li><li class=\"\" data-start=\"1059\" data-end=\"1156\"><p data-start=\"1061\" data-end=\"1156\"><span style=\"color: #000000;\"><strong data-start=\"1061\" data-end=\"1084\">Mitgliederf\u00f6rderung<\/strong>: Programme zur Weiterbildung, Vernetzung und gezielten Unterst\u00fctzung.<\/span><\/p><\/li><li class=\"\" data-start=\"1157\" data-end=\"1233\"><p data-start=\"1159\" data-end=\"1233\"><span style=\"color: #000000;\"><strong data-start=\"1159\" data-end=\"1173\">Innovation<\/strong>: F\u00f6rderung neuer Ideen und agiler Denkans\u00e4tze im Verband.<\/span><\/p><\/li><li class=\"\" data-start=\"1234\" data-end=\"1330\"><p data-start=\"1236\" data-end=\"1330\"><span style=\"color: #000000;\"><strong data-start=\"1236\" data-end=\"1253\">Kommunikation<\/strong>: St\u00e4rkung des internen und externen Dialogs f\u00fcr mehr Transparenz und N\u00e4he.<\/span><\/p><\/li><\/ul><p data-start=\"1332\" data-end=\"1370\"><span style=\"color: #000000;\"><strong data-start=\"1332\" data-end=\"1370\">Ein starkes Signal f\u00fcr die Zukunft<br \/><\/strong><\/span><span style=\"color: #000000;\">Das Meeting war gepr\u00e4gt von konstruktivem Austausch und leidenschaftlichem Engagement. Zahlreiche praxisnahe Ideen wurden eingebracht, die nun Schritt f\u00fcr Schritt umgesetzt werden. Der SDCA stellt damit die Weichen f\u00fcr eine erfolgreiche Zukunft \u2013 im Sinne und zum Nutzen aller Mitglieder.<\/span><\/p><p>\u00a0<\/p>\t\t\t\t\t\t\t\t<\/div>\n\t\t\t\t<\/div>\n\t\t\t\t\t<\/div>\n\t\t\t\t<\/div>\n\t\t\t\t<\/div>\n\t\t","protected":false},"excerpt":{"rendered":"<p>Am 26. M\u00e4rz 2025 fand das Strategie-Meeting des SDCA-Vorstands statt \u2013 ein entscheidender Meilenstein f\u00fcr die strategische Ausrichtung unseres Verbandes in den kommenden Jahren.<\/p>\n","protected":false},"author":1,"featured_media":3169,"comment_status":"closed","ping_status":"closed","sticky":false,"template":"","format":"standard","meta":{"footnotes":""},"categories":[12],"tags":[],"class_list":["post-3168","post","type-post","status-publish","format-standard","has-post-thumbnail","hentry","category-verband"],"yoast_head":"<!-- This site is optimized with the Yoast SEO plugin v27.1.1 - https:\/\/yoast.com\/product\/yoast-seo-wordpress\/ -->\n<title>SDCA Strategie-Meeting: Weichenstellung f\u00fcr die Zukunft | SDCA | Swiss Data Center Association<\/title>\n<meta name=\"description\" content=\"Wir freuen uns darauf, unsere Mitglieder am 23. Mai zur j\u00e4hrlichen Generalversammlung am Standort der Moresi.com begr\u00fcssen zu d\u00fcrfen.\" \/>\n<meta name=\"robots\" content=\"index, follow, max-snippet:-1, max-image-preview:large, max-video-preview:-1\" \/>\n<link rel=\"canonical\" href=\"https:\/\/sdca.ch\/de\/sdca-strategie-meeting-weichenstellung-fuer-die-zukunft\/\" \/>\n<meta property=\"og:locale\" content=\"de_DE\" \/>\n<meta property=\"og:type\" content=\"article\" \/>\n<meta property=\"og:title\" content=\"SDCA Strategie-Meeting: Weichenstellung f\u00fcr die Zukunft | SDCA | Swiss Data Center Association\" \/>\n<meta property=\"og:description\" content=\"Wir freuen uns darauf, unsere Mitglieder am 23. Mai zur j\u00e4hrlichen Generalversammlung am Standort der Moresi.com begr\u00fcssen zu d\u00fcrfen.\" \/>\n<meta property=\"og:url\" content=\"https:\/\/sdca.ch\/de\/sdca-strategie-meeting-weichenstellung-fuer-die-zukunft\/\" \/>\n<meta property=\"og:site_name\" content=\"SDCA | Swiss Data Center Association\" \/>\n<meta property=\"article:published_time\" content=\"2025-03-26T17:56:52+00:00\" \/>\n<meta property=\"article:modified_time\" content=\"2025-03-26T17:58:21+00:00\" \/>\n<meta property=\"og:image\" content=\"https:\/\/sdca.ch\/de\/wp-content\/uploads\/2025\/03\/SDCA-Board-scaled.jpg\" \/>\n\t<meta property=\"og:image:width\" content=\"2560\" \/>\n\t<meta property=\"og:image:height\" content=\"1456\" \/>\n\t<meta property=\"og:image:type\" content=\"image\/jpeg\" \/>\n<meta name=\"author\" content=\"sdca_2023\" \/>\n<meta name=\"twitter:card\" content=\"summary_large_image\" \/>\n<meta name=\"twitter:label1\" content=\"Verfasst von\" \/>\n\t<meta name=\"twitter:data1\" content=\"sdca_2023\" \/>\n\t<meta name=\"twitter:label2\" content=\"Gesch\u00e4tzte Lesezeit\" \/>\n\t<meta name=\"twitter:data2\" content=\"1\u00a0Minute\" \/>\n<script type=\"application\/ld+json\" class=\"yoast-schema-graph\">{\"@context\":\"https:\/\/schema.org\",\"@graph\":[{\"@type\":\"Article\",\"@id\":\"https:\/\/sdca.ch\/de\/sdca-strategie-meeting-weichenstellung-fuer-die-zukunft\/#article\",\"isPartOf\":{\"@id\":\"https:\/\/sdca.ch\/de\/sdca-strategie-meeting-weichenstellung-fuer-die-zukunft\/\"},\"author\":{\"name\":\"sdca_2023\",\"@id\":\"https:\/\/sdca.ch\/de\/#\/schema\/person\/8dfa4a6955fb92c0f28b8e48484afe4d\"},\"headline\":\"SDCA Strategie-Meeting: Weichenstellung f\u00fcr die Zukunft\",\"datePublished\":\"2025-03-26T17:56:52+00:00\",\"dateModified\":\"2025-03-26T17:58:21+00:00\",\"mainEntityOfPage\":{\"@id\":\"https:\/\/sdca.ch\/de\/sdca-strategie-meeting-weichenstellung-fuer-die-zukunft\/\"},\"wordCount\":205,\"publisher\":{\"@id\":\"https:\/\/sdca.ch\/de\/#organization\"},\"image\":{\"@id\":\"https:\/\/sdca.ch\/de\/sdca-strategie-meeting-weichenstellung-fuer-die-zukunft\/#primaryimage\"},\"thumbnailUrl\":\"https:\/\/sdca.ch\/de\/wp-content\/uploads\/2025\/03\/SDCA-Board-scaled.jpg\",\"articleSection\":[\"Verband\"],\"inLanguage\":\"de\"},{\"@type\":\"WebPage\",\"@id\":\"https:\/\/sdca.ch\/de\/sdca-strategie-meeting-weichenstellung-fuer-die-zukunft\/\",\"url\":\"https:\/\/sdca.ch\/de\/sdca-strategie-meeting-weichenstellung-fuer-die-zukunft\/\",\"name\":\"SDCA Strategie-Meeting: Weichenstellung f\u00fcr die Zukunft | SDCA | Swiss Data Center Association\",\"isPartOf\":{\"@id\":\"https:\/\/sdca.ch\/de\/#website\"},\"primaryImageOfPage\":{\"@id\":\"https:\/\/sdca.ch\/de\/sdca-strategie-meeting-weichenstellung-fuer-die-zukunft\/#primaryimage\"},\"image\":{\"@id\":\"https:\/\/sdca.ch\/de\/sdca-strategie-meeting-weichenstellung-fuer-die-zukunft\/#primaryimage\"},\"thumbnailUrl\":\"https:\/\/sdca.ch\/de\/wp-content\/uploads\/2025\/03\/SDCA-Board-scaled.jpg\",\"datePublished\":\"2025-03-26T17:56:52+00:00\",\"dateModified\":\"2025-03-26T17:58:21+00:00\",\"description\":\"Wir freuen uns darauf, unsere Mitglieder am 23. Mai zur j\u00e4hrlichen Generalversammlung am Standort der Moresi.com begr\u00fcssen zu d\u00fcrfen.\",\"breadcrumb\":{\"@id\":\"https:\/\/sdca.ch\/de\/sdca-strategie-meeting-weichenstellung-fuer-die-zukunft\/#breadcrumb\"},\"inLanguage\":\"de\",\"potentialAction\":[{\"@type\":\"ReadAction\",\"target\":[\"https:\/\/sdca.ch\/de\/sdca-strategie-meeting-weichenstellung-fuer-die-zukunft\/\"]}]},{\"@type\":\"ImageObject\",\"inLanguage\":\"de\",\"@id\":\"https:\/\/sdca.ch\/de\/sdca-strategie-meeting-weichenstellung-fuer-die-zukunft\/#primaryimage\",\"url\":\"https:\/\/sdca.ch\/de\/wp-content\/uploads\/2025\/03\/SDCA-Board-scaled.jpg\",\"contentUrl\":\"https:\/\/sdca.ch\/de\/wp-content\/uploads\/2025\/03\/SDCA-Board-scaled.jpg\",\"width\":2560,\"height\":1456},{\"@type\":\"BreadcrumbList\",\"@id\":\"https:\/\/sdca.ch\/de\/sdca-strategie-meeting-weichenstellung-fuer-die-zukunft\/#breadcrumb\",\"itemListElement\":[{\"@type\":\"ListItem\",\"position\":1,\"name\":\"Startseite\",\"item\":\"https:\/\/sdca.ch\/de\/\"},{\"@type\":\"ListItem\",\"position\":2,\"name\":\"SDCA Strategie-Meeting: Weichenstellung f\u00fcr die Zukunft\"}]},{\"@type\":\"WebSite\",\"@id\":\"https:\/\/sdca.ch\/de\/#website\",\"url\":\"https:\/\/sdca.ch\/de\/\",\"name\":\"SDCA | Swiss Data Center Association\",\"description\":\"Official website\",\"publisher\":{\"@id\":\"https:\/\/sdca.ch\/de\/#organization\"},\"potentialAction\":[{\"@type\":\"SearchAction\",\"target\":{\"@type\":\"EntryPoint\",\"urlTemplate\":\"https:\/\/sdca.ch\/de\/?s={search_term_string}\"},\"query-input\":{\"@type\":\"PropertyValueSpecification\",\"valueRequired\":true,\"valueName\":\"search_term_string\"}}],\"inLanguage\":\"de\"},{\"@type\":\"Organization\",\"@id\":\"https:\/\/sdca.ch\/de\/#organization\",\"name\":\"SDCA | Swiss Data Center Association\",\"url\":\"https:\/\/sdca.ch\/de\/\",\"logo\":{\"@type\":\"ImageObject\",\"inLanguage\":\"de\",\"@id\":\"https:\/\/sdca.ch\/de\/#\/schema\/logo\/image\/\",\"url\":\"https:\/\/sdca.ch\/de\/wp-content\/uploads\/2023\/08\/SDCA-logo.png\",\"contentUrl\":\"https:\/\/sdca.ch\/de\/wp-content\/uploads\/2023\/08\/SDCA-logo.png\",\"width\":404,\"height\":127,\"caption\":\"SDCA | Swiss Data Center Association\"},\"image\":{\"@id\":\"https:\/\/sdca.ch\/de\/#\/schema\/logo\/image\/\"},\"sameAs\":[\"https:\/\/www.linkedin.com\/company\/vigiswiss\/\"]},{\"@type\":\"Person\",\"@id\":\"https:\/\/sdca.ch\/de\/#\/schema\/person\/8dfa4a6955fb92c0f28b8e48484afe4d\",\"name\":\"sdca_2023\",\"image\":{\"@type\":\"ImageObject\",\"inLanguage\":\"de\",\"@id\":\"https:\/\/sdca.ch\/de\/#\/schema\/person\/image\/\",\"url\":\"https:\/\/secure.gravatar.com\/avatar\/9bea68a1c277f2f9be07c909643049cb5520363a9f2a1fcd3a343f5f28512c48?s=96&d=mm&r=g\",\"contentUrl\":\"https:\/\/secure.gravatar.com\/avatar\/9bea68a1c277f2f9be07c909643049cb5520363a9f2a1fcd3a343f5f28512c48?s=96&d=mm&r=g\",\"caption\":\"sdca_2023\"},\"sameAs\":[\"https:\/\/sdca.ch\/de\"]}]}<\/script>\n<!-- \/ Yoast SEO plugin. -->","yoast_head_json":{"title":"SDCA Strategie-Meeting: Weichenstellung f\u00fcr die Zukunft | SDCA | Swiss Data Center Association","description":"Wir freuen uns darauf, unsere Mitglieder am 23. Mai zur j\u00e4hrlichen Generalversammlung am Standort der Moresi.com begr\u00fcssen zu d\u00fcrfen.","robots":{"index":"index","follow":"follow","max-snippet":"max-snippet:-1","max-image-preview":"max-image-preview:large","max-video-preview":"max-video-preview:-1"},"canonical":"https:\/\/sdca.ch\/de\/sdca-strategie-meeting-weichenstellung-fuer-die-zukunft\/","og_locale":"de_DE","og_type":"article","og_title":"SDCA Strategie-Meeting: Weichenstellung f\u00fcr die Zukunft | SDCA | Swiss Data Center Association","og_description":"Wir freuen uns darauf, unsere Mitglieder am 23. Mai zur j\u00e4hrlichen Generalversammlung am Standort der Moresi.com begr\u00fcssen zu d\u00fcrfen.","og_url":"https:\/\/sdca.ch\/de\/sdca-strategie-meeting-weichenstellung-fuer-die-zukunft\/","og_site_name":"SDCA | Swiss Data Center Association","article_published_time":"2025-03-26T17:56:52+00:00","article_modified_time":"2025-03-26T17:58:21+00:00","og_image":[{"width":2560,"height":1456,"url":"https:\/\/sdca.ch\/de\/wp-content\/uploads\/2025\/03\/SDCA-Board-scaled.jpg","type":"image\/jpeg"}],"author":"sdca_2023","twitter_card":"summary_large_image","twitter_misc":{"Verfasst von":"sdca_2023","Gesch\u00e4tzte Lesezeit":"1\u00a0Minute"},"schema":{"@context":"https:\/\/schema.org","@graph":[{"@type":"Article","@id":"https:\/\/sdca.ch\/de\/sdca-strategie-meeting-weichenstellung-fuer-die-zukunft\/#article","isPartOf":{"@id":"https:\/\/sdca.ch\/de\/sdca-strategie-meeting-weichenstellung-fuer-die-zukunft\/"},"author":{"name":"sdca_2023","@id":"https:\/\/sdca.ch\/de\/#\/schema\/person\/8dfa4a6955fb92c0f28b8e48484afe4d"},"headline":"SDCA Strategie-Meeting: Weichenstellung f\u00fcr die Zukunft","datePublished":"2025-03-26T17:56:52+00:00","dateModified":"2025-03-26T17:58:21+00:00","mainEntityOfPage":{"@id":"https:\/\/sdca.ch\/de\/sdca-strategie-meeting-weichenstellung-fuer-die-zukunft\/"},"wordCount":205,"publisher":{"@id":"https:\/\/sdca.ch\/de\/#organization"},"image":{"@id":"https:\/\/sdca.ch\/de\/sdca-strategie-meeting-weichenstellung-fuer-die-zukunft\/#primaryimage"},"thumbnailUrl":"https:\/\/sdca.ch\/de\/wp-content\/uploads\/2025\/03\/SDCA-Board-scaled.jpg","articleSection":["Verband"],"inLanguage":"de"},{"@type":"WebPage","@id":"https:\/\/sdca.ch\/de\/sdca-strategie-meeting-weichenstellung-fuer-die-zukunft\/","url":"https:\/\/sdca.ch\/de\/sdca-strategie-meeting-weichenstellung-fuer-die-zukunft\/","name":"SDCA Strategie-Meeting: Weichenstellung f\u00fcr die Zukunft | SDCA | Swiss Data Center Association","isPartOf":{"@id":"https:\/\/sdca.ch\/de\/#website"},"primaryImageOfPage":{"@id":"https:\/\/sdca.ch\/de\/sdca-strategie-meeting-weichenstellung-fuer-die-zukunft\/#primaryimage"},"image":{"@id":"https:\/\/sdca.ch\/de\/sdca-strategie-meeting-weichenstellung-fuer-die-zukunft\/#primaryimage"},"thumbnailUrl":"https:\/\/sdca.ch\/de\/wp-content\/uploads\/2025\/03\/SDCA-Board-scaled.jpg","datePublished":"2025-03-26T17:56:52+00:00","dateModified":"2025-03-26T17:58:21+00:00","description":"Wir freuen uns darauf, unsere Mitglieder am 23. Mai zur j\u00e4hrlichen Generalversammlung am Standort der Moresi.com begr\u00fcssen zu d\u00fcrfen.","breadcrumb":{"@id":"https:\/\/sdca.ch\/de\/sdca-strategie-meeting-weichenstellung-fuer-die-zukunft\/#breadcrumb"},"inLanguage":"de","potentialAction":[{"@type":"ReadAction","target":["https:\/\/sdca.ch\/de\/sdca-strategie-meeting-weichenstellung-fuer-die-zukunft\/"]}]},{"@type":"ImageObject","inLanguage":"de","@id":"https:\/\/sdca.ch\/de\/sdca-strategie-meeting-weichenstellung-fuer-die-zukunft\/#primaryimage","url":"https:\/\/sdca.ch\/de\/wp-content\/uploads\/2025\/03\/SDCA-Board-scaled.jpg","contentUrl":"https:\/\/sdca.ch\/de\/wp-content\/uploads\/2025\/03\/SDCA-Board-scaled.jpg","width":2560,"height":1456},{"@type":"BreadcrumbList","@id":"https:\/\/sdca.ch\/de\/sdca-strategie-meeting-weichenstellung-fuer-die-zukunft\/#breadcrumb","itemListElement":[{"@type":"ListItem","position":1,"name":"Startseite","item":"https:\/\/sdca.ch\/de\/"},{"@type":"ListItem","position":2,"name":"SDCA Strategie-Meeting: Weichenstellung f\u00fcr die Zukunft"}]},{"@type":"WebSite","@id":"https:\/\/sdca.ch\/de\/#website","url":"https:\/\/sdca.ch\/de\/","name":"SDCA | Swiss Data Center Association","description":"Official website","publisher":{"@id":"https:\/\/sdca.ch\/de\/#organization"},"potentialAction":[{"@type":"SearchAction","target":{"@type":"EntryPoint","urlTemplate":"https:\/\/sdca.ch\/de\/?s={search_term_string}"},"query-input":{"@type":"PropertyValueSpecification","valueRequired":true,"valueName":"search_term_string"}}],"inLanguage":"de"},{"@type":"Organization","@id":"https:\/\/sdca.ch\/de\/#organization","name":"SDCA | Swiss Data Center Association","url":"https:\/\/sdca.ch\/de\/","logo":{"@type":"ImageObject","inLanguage":"de","@id":"https:\/\/sdca.ch\/de\/#\/schema\/logo\/image\/","url":"https:\/\/sdca.ch\/de\/wp-content\/uploads\/2023\/08\/SDCA-logo.png","contentUrl":"https:\/\/sdca.ch\/de\/wp-content\/uploads\/2023\/08\/SDCA-logo.png","width":404,"height":127,"caption":"SDCA | Swiss Data Center Association"},"image":{"@id":"https:\/\/sdca.ch\/de\/#\/schema\/logo\/image\/"},"sameAs":["https:\/\/www.linkedin.com\/company\/vigiswiss\/"]},{"@type":"Person","@id":"https:\/\/sdca.ch\/de\/#\/schema\/person\/8dfa4a6955fb92c0f28b8e48484afe4d","name":"sdca_2023","image":{"@type":"ImageObject","inLanguage":"de","@id":"https:\/\/sdca.ch\/de\/#\/schema\/person\/image\/","url":"https:\/\/secure.gravatar.com\/avatar\/9bea68a1c277f2f9be07c909643049cb5520363a9f2a1fcd3a343f5f28512c48?s=96&d=mm&r=g","contentUrl":"https:\/\/secure.gravatar.com\/avatar\/9bea68a1c277f2f9be07c909643049cb5520363a9f2a1fcd3a343f5f28512c48?s=96&d=mm&r=g","caption":"sdca_2023"},"sameAs":["https:\/\/sdca.ch\/de"]}]}},"_links":{"self":[{"href":"https:\/\/sdca.ch\/de\/wp-json\/wp\/v2\/posts\/3168","targetHints":{"allow":["GET"]}}],"collection":[{"href":"https:\/\/sdca.ch\/de\/wp-json\/wp\/v2\/posts"}],"about":[{"href":"https:\/\/sdca.ch\/de\/wp-json\/wp\/v2\/types\/post"}],"author":[{"embeddable":true,"href":"https:\/\/sdca.ch\/de\/wp-json\/wp\/v2\/users\/1"}],"replies":[{"embeddable":true,"href":"https:\/\/sdca.ch\/de\/wp-json\/wp\/v2\/comments?post=3168"}],"version-history":[{"count":0,"href":"https:\/\/sdca.ch\/de\/wp-json\/wp\/v2\/posts\/3168\/revisions"}],"wp:featuredmedia":[{"embeddable":true,"href":"https:\/\/sdca.ch\/de\/wp-json\/wp\/v2\/media\/3169"}],"wp:attachment":[{"href":"https:\/\/sdca.ch\/de\/wp-json\/wp\/v2\/media?parent=3168"}],"wp:term":[{"taxonomy":"category","embeddable":true,"href":"https:\/\/sdca.ch\/de\/wp-json\/wp\/v2\/categories?post=3168"},{"taxonomy":"post_tag","embeddable":true,"href":"https:\/\/sdca.ch\/de\/wp-json\/wp\/v2\/tags?post=3168"}],"curies":[{"name":"wp","href":"https:\/\/api.w.org\/{rel}","templated":true}]}}