{"id":3267,"date":"2025-04-09T16:22:31","date_gmt":"2025-04-09T16:22:31","guid":{"rendered":"https:\/\/sdca.ch\/de\/?p=3267"},"modified":"2025-04-09T16:34:54","modified_gmt":"2025-04-09T16:34:54","slug":"roberto-cazzetta-wird-neuer-sekretaer-der-swiss-data-center-association-sdca","status":"publish","type":"post","link":"https:\/\/sdca.ch\/de\/roberto-cazzetta-wird-neuer-sekretaer-der-swiss-data-center-association-sdca\/","title":{"rendered":"Roberto Cazzetta wird neuer Sekret\u00e4r der Swiss Data Center Association (SDCA)"},"content":{"rendered":"<p data-start=\"149\" data-end=\"258\"><strong data-start=\"149\" data-end=\"230\">Roberto Cazzetta wird neuer Sekret\u00e4r der Swiss Data Center Association<\/strong><\/p>\n<p data-start=\"260\" data-end=\"395\">Wir freuen uns sehr, <strong data-start=\"318\" data-end=\"338\">Roberto Cazzetta<\/strong> als neuen <strong data-start=\"349\" data-end=\"374\">Sekret\u00e4r des Verbands <\/strong>begr\u00fcssen zu d\u00fcrfen.<\/p>\n<p data-start=\"397\" data-end=\"749\">Roberto bringt mehr als 25 Jahre internationale Erfahrung in den Bereichen <strong data-start=\"472\" data-end=\"513\">IT, Cloud Computing und Rechenzentren <\/strong>mit. In leitenden Funktionen \u2013 unter anderem als <strong data-start=\"563\" data-end=\"597\">Marketing Director bei Equinix<\/strong> f\u00fcr die M\u00e4rkte Schweiz, Italien und \u00d6sterreich \u2013 hat er zahlreiche erfolgreiche Markteinf\u00fchrungen, PR-Initiativen und Standorter\u00f6ffnungen verantwortet.<\/p>\n<p data-start=\"751\" data-end=\"1099\">Als mehrsprachiger Kommunikator (Deutsch, Italienisch, Englisch, Franz\u00f6sisch) engagiert sich Roberto leidenschaftlich f\u00fcr <strong data-start=\"873\" data-end=\"974\">Thought Leadership, Demand Generation sowie die Verbindung von Marketing und Gesch\u00e4ftsentwicklung<\/strong>. Aktuell baut er zudem ein Coaching-Angebot auf, das sich auf Leadership, Business und pers\u00f6nliche Entwicklung konzentriert.<\/p>\n<p data-start=\"1101\" data-end=\"1296\">Mit seiner strategischen Weitsicht, seiner Begeisterung f\u00fcr Innovationen und seinem tiefen Verst\u00e4ndnis f\u00fcr die Branche wird Roberto einen wichtigen Beitrag zur Weiterentwicklung der SDCA leisten.<\/p>\n<p data-start=\"1298\" data-end=\"1391\"><strong data-start=\"1298\" data-end=\"1391\">Wir heissen Roberto herzlich willkommen und freuen uns auf die gemeinsame Zusammenarbeit!<\/strong><\/p>\n","protected":false},"excerpt":{"rendered":"<p>Die Swiss Data Center Association (SDCA) freut sich sehr, Roberto Cazzetta als neuen Sekret\u00e4r des Verbandsbegr\u00fcssen zu d\u00fcrfen.<\/p>\n","protected":false},"author":1,"featured_media":3279,"comment_status":"closed","ping_status":"closed","sticky":false,"template":"","format":"standard","meta":{"footnotes":""},"categories":[12],"tags":[],"class_list":["post-3267","post","type-post","status-publish","format-standard","has-post-thumbnail","hentry","category-verband"],"yoast_head":"<!-- This site is optimized with the Yoast SEO plugin v27.1.1 - https:\/\/yoast.com\/product\/yoast-seo-wordpress\/ -->\n<title>Roberto Cazzetta wird neuer Sekret\u00e4r der Swiss Data Center Association (SDCA) | SDCA | Swiss Data Center Association<\/title>\n<meta name=\"description\" content=\"Die Swiss Data Center Association (SDCA) freut sich sehr, Roberto Cazzetta als neuen Sekret\u00e4r des Verbands begr\u00fcssen zu d\u00fcrfen.\" \/>\n<meta name=\"robots\" content=\"index, follow, max-snippet:-1, max-image-preview:large, max-video-preview:-1\" \/>\n<link rel=\"canonical\" href=\"https:\/\/sdca.ch\/de\/roberto-cazzetta-wird-neuer-sekretaer-der-swiss-data-center-association-sdca\/\" \/>\n<meta property=\"og:locale\" content=\"de_DE\" \/>\n<meta property=\"og:type\" content=\"article\" \/>\n<meta property=\"og:title\" content=\"Roberto Cazzetta wird neuer Sekret\u00e4r der Swiss Data Center Association (SDCA) | SDCA | Swiss Data Center Association\" \/>\n<meta property=\"og:description\" content=\"Die Swiss Data Center Association (SDCA) freut sich sehr, Roberto Cazzetta als neuen Sekret\u00e4r des Verbands begr\u00fcssen zu d\u00fcrfen.\" \/>\n<meta property=\"og:url\" content=\"https:\/\/sdca.ch\/de\/roberto-cazzetta-wird-neuer-sekretaer-der-swiss-data-center-association-sdca\/\" \/>\n<meta property=\"og:site_name\" content=\"SDCA | Swiss Data Center Association\" \/>\n<meta property=\"article:published_time\" content=\"2025-04-09T16:22:31+00:00\" \/>\n<meta property=\"article:modified_time\" content=\"2025-04-09T16:34:54+00:00\" \/>\n<meta property=\"og:image\" content=\"https:\/\/sdca.ch\/de\/wp-content\/uploads\/2025\/04\/Roberto-Cazzetta-Profil.jpg\" \/>\n\t<meta property=\"og:image:width\" content=\"1346\" \/>\n\t<meta property=\"og:image:height\" content=\"1096\" \/>\n\t<meta property=\"og:image:type\" content=\"image\/jpeg\" \/>\n<meta name=\"author\" content=\"sdca_2023\" \/>\n<meta name=\"twitter:card\" content=\"summary_large_image\" \/>\n<meta name=\"twitter:label1\" content=\"Verfasst von\" \/>\n\t<meta name=\"twitter:data1\" content=\"sdca_2023\" \/>\n\t<meta name=\"twitter:label2\" content=\"Gesch\u00e4tzte Lesezeit\" \/>\n\t<meta name=\"twitter:data2\" content=\"1\u00a0Minute\" \/>\n<script type=\"application\/ld+json\" class=\"yoast-schema-graph\">{\"@context\":\"https:\/\/schema.org\",\"@graph\":[{\"@type\":\"Article\",\"@id\":\"https:\/\/sdca.ch\/de\/roberto-cazzetta-wird-neuer-sekretaer-der-swiss-data-center-association-sdca\/#article\",\"isPartOf\":{\"@id\":\"https:\/\/sdca.ch\/de\/roberto-cazzetta-wird-neuer-sekretaer-der-swiss-data-center-association-sdca\/\"},\"author\":{\"name\":\"sdca_2023\",\"@id\":\"https:\/\/sdca.ch\/de\/#\/schema\/person\/8dfa4a6955fb92c0f28b8e48484afe4d\"},\"headline\":\"Roberto Cazzetta wird neuer Sekret\u00e4r der Swiss Data Center Association (SDCA)\",\"datePublished\":\"2025-04-09T16:22:31+00:00\",\"dateModified\":\"2025-04-09T16:34:54+00:00\",\"mainEntityOfPage\":{\"@id\":\"https:\/\/sdca.ch\/de\/roberto-cazzetta-wird-neuer-sekretaer-der-swiss-data-center-association-sdca\/\"},\"wordCount\":169,\"publisher\":{\"@id\":\"https:\/\/sdca.ch\/de\/#organization\"},\"image\":{\"@id\":\"https:\/\/sdca.ch\/de\/roberto-cazzetta-wird-neuer-sekretaer-der-swiss-data-center-association-sdca\/#primaryimage\"},\"thumbnailUrl\":\"https:\/\/sdca.ch\/de\/wp-content\/uploads\/2025\/04\/Roberto-Cazzetta-Profil.jpg\",\"articleSection\":[\"Verband\"],\"inLanguage\":\"de\"},{\"@type\":\"WebPage\",\"@id\":\"https:\/\/sdca.ch\/de\/roberto-cazzetta-wird-neuer-sekretaer-der-swiss-data-center-association-sdca\/\",\"url\":\"https:\/\/sdca.ch\/de\/roberto-cazzetta-wird-neuer-sekretaer-der-swiss-data-center-association-sdca\/\",\"name\":\"Roberto Cazzetta wird neuer Sekret\u00e4r der Swiss Data Center Association (SDCA) | SDCA | Swiss Data Center Association\",\"isPartOf\":{\"@id\":\"https:\/\/sdca.ch\/de\/#website\"},\"primaryImageOfPage\":{\"@id\":\"https:\/\/sdca.ch\/de\/roberto-cazzetta-wird-neuer-sekretaer-der-swiss-data-center-association-sdca\/#primaryimage\"},\"image\":{\"@id\":\"https:\/\/sdca.ch\/de\/roberto-cazzetta-wird-neuer-sekretaer-der-swiss-data-center-association-sdca\/#primaryimage\"},\"thumbnailUrl\":\"https:\/\/sdca.ch\/de\/wp-content\/uploads\/2025\/04\/Roberto-Cazzetta-Profil.jpg\",\"datePublished\":\"2025-04-09T16:22:31+00:00\",\"dateModified\":\"2025-04-09T16:34:54+00:00\",\"description\":\"Die Swiss Data Center Association (SDCA) freut sich sehr, Roberto Cazzetta als neuen Sekret\u00e4r des Verbands begr\u00fcssen zu d\u00fcrfen.\",\"breadcrumb\":{\"@id\":\"https:\/\/sdca.ch\/de\/roberto-cazzetta-wird-neuer-sekretaer-der-swiss-data-center-association-sdca\/#breadcrumb\"},\"inLanguage\":\"de\",\"potentialAction\":[{\"@type\":\"ReadAction\",\"target\":[\"https:\/\/sdca.ch\/de\/roberto-cazzetta-wird-neuer-sekretaer-der-swiss-data-center-association-sdca\/\"]}]},{\"@type\":\"ImageObject\",\"inLanguage\":\"de\",\"@id\":\"https:\/\/sdca.ch\/de\/roberto-cazzetta-wird-neuer-sekretaer-der-swiss-data-center-association-sdca\/#primaryimage\",\"url\":\"https:\/\/sdca.ch\/de\/wp-content\/uploads\/2025\/04\/Roberto-Cazzetta-Profil.jpg\",\"contentUrl\":\"https:\/\/sdca.ch\/de\/wp-content\/uploads\/2025\/04\/Roberto-Cazzetta-Profil.jpg\",\"width\":1346,\"height\":1096},{\"@type\":\"BreadcrumbList\",\"@id\":\"https:\/\/sdca.ch\/de\/roberto-cazzetta-wird-neuer-sekretaer-der-swiss-data-center-association-sdca\/#breadcrumb\",\"itemListElement\":[{\"@type\":\"ListItem\",\"position\":1,\"name\":\"Startseite\",\"item\":\"https:\/\/sdca.ch\/de\/\"},{\"@type\":\"ListItem\",\"position\":2,\"name\":\"Roberto Cazzetta wird neuer Sekret\u00e4r der Swiss Data Center Association (SDCA)\"}]},{\"@type\":\"WebSite\",\"@id\":\"https:\/\/sdca.ch\/de\/#website\",\"url\":\"https:\/\/sdca.ch\/de\/\",\"name\":\"SDCA | Swiss Data Center Association\",\"description\":\"Official website\",\"publisher\":{\"@id\":\"https:\/\/sdca.ch\/de\/#organization\"},\"potentialAction\":[{\"@type\":\"SearchAction\",\"target\":{\"@type\":\"EntryPoint\",\"urlTemplate\":\"https:\/\/sdca.ch\/de\/?s={search_term_string}\"},\"query-input\":{\"@type\":\"PropertyValueSpecification\",\"valueRequired\":true,\"valueName\":\"search_term_string\"}}],\"inLanguage\":\"de\"},{\"@type\":\"Organization\",\"@id\":\"https:\/\/sdca.ch\/de\/#organization\",\"name\":\"SDCA | Swiss Data Center Association\",\"url\":\"https:\/\/sdca.ch\/de\/\",\"logo\":{\"@type\":\"ImageObject\",\"inLanguage\":\"de\",\"@id\":\"https:\/\/sdca.ch\/de\/#\/schema\/logo\/image\/\",\"url\":\"https:\/\/sdca.ch\/de\/wp-content\/uploads\/2023\/08\/SDCA-logo.png\",\"contentUrl\":\"https:\/\/sdca.ch\/de\/wp-content\/uploads\/2023\/08\/SDCA-logo.png\",\"width\":404,\"height\":127,\"caption\":\"SDCA | Swiss Data Center Association\"},\"image\":{\"@id\":\"https:\/\/sdca.ch\/de\/#\/schema\/logo\/image\/\"},\"sameAs\":[\"https:\/\/www.linkedin.com\/company\/vigiswiss\/\"]},{\"@type\":\"Person\",\"@id\":\"https:\/\/sdca.ch\/de\/#\/schema\/person\/8dfa4a6955fb92c0f28b8e48484afe4d\",\"name\":\"sdca_2023\",\"image\":{\"@type\":\"ImageObject\",\"inLanguage\":\"de\",\"@id\":\"https:\/\/sdca.ch\/de\/#\/schema\/person\/image\/\",\"url\":\"https:\/\/secure.gravatar.com\/avatar\/9bea68a1c277f2f9be07c909643049cb5520363a9f2a1fcd3a343f5f28512c48?s=96&d=mm&r=g\",\"contentUrl\":\"https:\/\/secure.gravatar.com\/avatar\/9bea68a1c277f2f9be07c909643049cb5520363a9f2a1fcd3a343f5f28512c48?s=96&d=mm&r=g\",\"caption\":\"sdca_2023\"},\"sameAs\":[\"https:\/\/sdca.ch\/de\"]}]}<\/script>\n<!-- \/ Yoast SEO plugin. -->","yoast_head_json":{"title":"Roberto Cazzetta wird neuer Sekret\u00e4r der Swiss Data Center Association (SDCA) | SDCA | Swiss Data Center Association","description":"Die Swiss Data Center Association (SDCA) freut sich sehr, Roberto Cazzetta als neuen Sekret\u00e4r des Verbands begr\u00fcssen zu d\u00fcrfen.","robots":{"index":"index","follow":"follow","max-snippet":"max-snippet:-1","max-image-preview":"max-image-preview:large","max-video-preview":"max-video-preview:-1"},"canonical":"https:\/\/sdca.ch\/de\/roberto-cazzetta-wird-neuer-sekretaer-der-swiss-data-center-association-sdca\/","og_locale":"de_DE","og_type":"article","og_title":"Roberto Cazzetta wird neuer Sekret\u00e4r der Swiss Data Center Association (SDCA) | SDCA | Swiss Data Center Association","og_description":"Die Swiss Data Center Association (SDCA) freut sich sehr, Roberto Cazzetta als neuen Sekret\u00e4r des Verbands begr\u00fcssen zu d\u00fcrfen.","og_url":"https:\/\/sdca.ch\/de\/roberto-cazzetta-wird-neuer-sekretaer-der-swiss-data-center-association-sdca\/","og_site_name":"SDCA | Swiss Data Center Association","article_published_time":"2025-04-09T16:22:31+00:00","article_modified_time":"2025-04-09T16:34:54+00:00","og_image":[{"width":1346,"height":1096,"url":"https:\/\/sdca.ch\/de\/wp-content\/uploads\/2025\/04\/Roberto-Cazzetta-Profil.jpg","type":"image\/jpeg"}],"author":"sdca_2023","twitter_card":"summary_large_image","twitter_misc":{"Verfasst von":"sdca_2023","Gesch\u00e4tzte Lesezeit":"1\u00a0Minute"},"schema":{"@context":"https:\/\/schema.org","@graph":[{"@type":"Article","@id":"https:\/\/sdca.ch\/de\/roberto-cazzetta-wird-neuer-sekretaer-der-swiss-data-center-association-sdca\/#article","isPartOf":{"@id":"https:\/\/sdca.ch\/de\/roberto-cazzetta-wird-neuer-sekretaer-der-swiss-data-center-association-sdca\/"},"author":{"name":"sdca_2023","@id":"https:\/\/sdca.ch\/de\/#\/schema\/person\/8dfa4a6955fb92c0f28b8e48484afe4d"},"headline":"Roberto Cazzetta wird neuer Sekret\u00e4r der Swiss Data Center Association (SDCA)","datePublished":"2025-04-09T16:22:31+00:00","dateModified":"2025-04-09T16:34:54+00:00","mainEntityOfPage":{"@id":"https:\/\/sdca.ch\/de\/roberto-cazzetta-wird-neuer-sekretaer-der-swiss-data-center-association-sdca\/"},"wordCount":169,"publisher":{"@id":"https:\/\/sdca.ch\/de\/#organization"},"image":{"@id":"https:\/\/sdca.ch\/de\/roberto-cazzetta-wird-neuer-sekretaer-der-swiss-data-center-association-sdca\/#primaryimage"},"thumbnailUrl":"https:\/\/sdca.ch\/de\/wp-content\/uploads\/2025\/04\/Roberto-Cazzetta-Profil.jpg","articleSection":["Verband"],"inLanguage":"de"},{"@type":"WebPage","@id":"https:\/\/sdca.ch\/de\/roberto-cazzetta-wird-neuer-sekretaer-der-swiss-data-center-association-sdca\/","url":"https:\/\/sdca.ch\/de\/roberto-cazzetta-wird-neuer-sekretaer-der-swiss-data-center-association-sdca\/","name":"Roberto Cazzetta wird neuer Sekret\u00e4r der Swiss Data Center Association (SDCA) | SDCA | Swiss Data Center Association","isPartOf":{"@id":"https:\/\/sdca.ch\/de\/#website"},"primaryImageOfPage":{"@id":"https:\/\/sdca.ch\/de\/roberto-cazzetta-wird-neuer-sekretaer-der-swiss-data-center-association-sdca\/#primaryimage"},"image":{"@id":"https:\/\/sdca.ch\/de\/roberto-cazzetta-wird-neuer-sekretaer-der-swiss-data-center-association-sdca\/#primaryimage"},"thumbnailUrl":"https:\/\/sdca.ch\/de\/wp-content\/uploads\/2025\/04\/Roberto-Cazzetta-Profil.jpg","datePublished":"2025-04-09T16:22:31+00:00","dateModified":"2025-04-09T16:34:54+00:00","description":"Die Swiss Data Center Association (SDCA) freut sich sehr, Roberto Cazzetta als neuen Sekret\u00e4r des Verbands begr\u00fcssen zu d\u00fcrfen.","breadcrumb":{"@id":"https:\/\/sdca.ch\/de\/roberto-cazzetta-wird-neuer-sekretaer-der-swiss-data-center-association-sdca\/#breadcrumb"},"inLanguage":"de","potentialAction":[{"@type":"ReadAction","target":["https:\/\/sdca.ch\/de\/roberto-cazzetta-wird-neuer-sekretaer-der-swiss-data-center-association-sdca\/"]}]},{"@type":"ImageObject","inLanguage":"de","@id":"https:\/\/sdca.ch\/de\/roberto-cazzetta-wird-neuer-sekretaer-der-swiss-data-center-association-sdca\/#primaryimage","url":"https:\/\/sdca.ch\/de\/wp-content\/uploads\/2025\/04\/Roberto-Cazzetta-Profil.jpg","contentUrl":"https:\/\/sdca.ch\/de\/wp-content\/uploads\/2025\/04\/Roberto-Cazzetta-Profil.jpg","width":1346,"height":1096},{"@type":"BreadcrumbList","@id":"https:\/\/sdca.ch\/de\/roberto-cazzetta-wird-neuer-sekretaer-der-swiss-data-center-association-sdca\/#breadcrumb","itemListElement":[{"@type":"ListItem","position":1,"name":"Startseite","item":"https:\/\/sdca.ch\/de\/"},{"@type":"ListItem","position":2,"name":"Roberto Cazzetta wird neuer Sekret\u00e4r der Swiss Data Center Association (SDCA)"}]},{"@type":"WebSite","@id":"https:\/\/sdca.ch\/de\/#website","url":"https:\/\/sdca.ch\/de\/","name":"SDCA | Swiss Data Center Association","description":"Official website","publisher":{"@id":"https:\/\/sdca.ch\/de\/#organization"},"potentialAction":[{"@type":"SearchAction","target":{"@type":"EntryPoint","urlTemplate":"https:\/\/sdca.ch\/de\/?s={search_term_string}"},"query-input":{"@type":"PropertyValueSpecification","valueRequired":true,"valueName":"search_term_string"}}],"inLanguage":"de"},{"@type":"Organization","@id":"https:\/\/sdca.ch\/de\/#organization","name":"SDCA | Swiss Data Center Association","url":"https:\/\/sdca.ch\/de\/","logo":{"@type":"ImageObject","inLanguage":"de","@id":"https:\/\/sdca.ch\/de\/#\/schema\/logo\/image\/","url":"https:\/\/sdca.ch\/de\/wp-content\/uploads\/2023\/08\/SDCA-logo.png","contentUrl":"https:\/\/sdca.ch\/de\/wp-content\/uploads\/2023\/08\/SDCA-logo.png","width":404,"height":127,"caption":"SDCA | Swiss Data Center Association"},"image":{"@id":"https:\/\/sdca.ch\/de\/#\/schema\/logo\/image\/"},"sameAs":["https:\/\/www.linkedin.com\/company\/vigiswiss\/"]},{"@type":"Person","@id":"https:\/\/sdca.ch\/de\/#\/schema\/person\/8dfa4a6955fb92c0f28b8e48484afe4d","name":"sdca_2023","image":{"@type":"ImageObject","inLanguage":"de","@id":"https:\/\/sdca.ch\/de\/#\/schema\/person\/image\/","url":"https:\/\/secure.gravatar.com\/avatar\/9bea68a1c277f2f9be07c909643049cb5520363a9f2a1fcd3a343f5f28512c48?s=96&d=mm&r=g","contentUrl":"https:\/\/secure.gravatar.com\/avatar\/9bea68a1c277f2f9be07c909643049cb5520363a9f2a1fcd3a343f5f28512c48?s=96&d=mm&r=g","caption":"sdca_2023"},"sameAs":["https:\/\/sdca.ch\/de"]}]}},"_links":{"self":[{"href":"https:\/\/sdca.ch\/de\/wp-json\/wp\/v2\/posts\/3267","targetHints":{"allow":["GET"]}}],"collection":[{"href":"https:\/\/sdca.ch\/de\/wp-json\/wp\/v2\/posts"}],"about":[{"href":"https:\/\/sdca.ch\/de\/wp-json\/wp\/v2\/types\/post"}],"author":[{"embeddable":true,"href":"https:\/\/sdca.ch\/de\/wp-json\/wp\/v2\/users\/1"}],"replies":[{"embeddable":true,"href":"https:\/\/sdca.ch\/de\/wp-json\/wp\/v2\/comments?post=3267"}],"version-history":[{"count":0,"href":"https:\/\/sdca.ch\/de\/wp-json\/wp\/v2\/posts\/3267\/revisions"}],"wp:featuredmedia":[{"embeddable":true,"href":"https:\/\/sdca.ch\/de\/wp-json\/wp\/v2\/media\/3279"}],"wp:attachment":[{"href":"https:\/\/sdca.ch\/de\/wp-json\/wp\/v2\/media?parent=3267"}],"wp:term":[{"taxonomy":"category","embeddable":true,"href":"https:\/\/sdca.ch\/de\/wp-json\/wp\/v2\/categories?post=3267"},{"taxonomy":"post_tag","embeddable":true,"href":"https:\/\/sdca.ch\/de\/wp-json\/wp\/v2\/tags?post=3267"}],"curies":[{"name":"wp","href":"https:\/\/api.w.org\/{rel}","templated":true}]}}