{"id":4693,"date":"2026-03-17T09:31:25","date_gmt":"2026-03-17T09:31:25","guid":{"rendered":"https:\/\/sdca.ch\/de\/?p=4693"},"modified":"2026-03-17T09:33:05","modified_gmt":"2026-03-17T09:33:05","slug":"politischer-beirat-der-sdca-nimmt-seine-arbeit-auf","status":"publish","type":"post","link":"https:\/\/sdca.ch\/de\/politischer-beirat-der-sdca-nimmt-seine-arbeit-auf\/","title":{"rendered":"Politischer Beirat der SDCA nimmt seine Arbeit auf"},"content":{"rendered":"\t\t<div data-elementor-type=\"wp-post\" data-elementor-id=\"4693\" class=\"elementor elementor-4693\" data-elementor-post-type=\"post\">\n\t\t\t\t<div class=\"elementor-element elementor-element-7e03ff96 e-flex e-con-boxed e-con e-parent\" data-id=\"7e03ff96\" data-element_type=\"container\" data-e-type=\"container\">\n\t\t\t\t\t<div class=\"e-con-inner\">\n\t\t\t\t<div class=\"elementor-element elementor-element-abbf9e8 elementor-widget elementor-widget-image\" data-id=\"abbf9e8\" data-element_type=\"widget\" data-e-type=\"widget\" data-widget_type=\"image.default\">\n\t\t\t\t<div class=\"elementor-widget-container\">\n\t\t\t\t\t\t\t\t\t\t\t\t\t\t\t<img fetchpriority=\"high\" decoding=\"async\" width=\"768\" height=\"1024\" src=\"https:\/\/sdca.ch\/de\/wp-content\/uploads\/2026\/03\/Bundeshaus-SDCA-768x1024.jpeg\" class=\"attachment-large size-large wp-image-4695\" alt=\"\" srcset=\"https:\/\/sdca.ch\/de\/wp-content\/uploads\/2026\/03\/Bundeshaus-SDCA-768x1024.jpeg 768w, https:\/\/sdca.ch\/de\/wp-content\/uploads\/2026\/03\/Bundeshaus-SDCA-225x300.jpeg 225w, https:\/\/sdca.ch\/de\/wp-content\/uploads\/2026\/03\/Bundeshaus-SDCA.jpeg 1152w\" sizes=\"(max-width: 768px) 100vw, 768px\" \/>\t\t\t\t\t\t\t\t\t\t\t\t\t\t\t<\/div>\n\t\t\t\t<\/div>\n\t\t\t\t<div class=\"elementor-element elementor-element-1057327c elementor-widget elementor-widget-text-editor\" data-id=\"1057327c\" data-element_type=\"widget\" data-e-type=\"widget\" data-widget_type=\"text-editor.default\">\n\t\t\t\t<div class=\"elementor-widget-container\">\n\t\t\t\t\t\t\t\t\t\n<h3 data-start=\"188\" data-end=\"341\"><span style=\"color: #000000;\">Die Swiss Data Center Association (SDCA) hat einen weiteren wichtigen Meilenstein erreicht: Der Politische Beirat der SDCA ist erstmals zusammengetreten.<\/span><\/h3>\n<p data-start=\"343\" data-end=\"669\"><span style=\"color: #000000;\">Mit dem kontinuierlichen Wachstum der Mitgliederbasis und einer zunehmend breiten Abdeckung der gesamten Branche hat sich rund um die SDCA ein aktives und dynamisches \u00d6kosystem entwickelt. Die konstituierende Sitzung des Politischen Beirats markiert nun den n\u00e4chsten konsequenten Schritt in der Weiterentwicklung des Verbands.<\/span><\/p>\n<p data-start=\"671\" data-end=\"844\"><span style=\"color: #000000;\">Ziel ist es, den politischen Dialog gezielt zu st\u00e4rken und die Interessen der Rechenzentrumsbranche noch wirkungsvoller in die relevanten Entscheidungsprozesse einzubringen.<\/span><\/p>\n<p data-start=\"846\" data-end=\"1090\"><span style=\"color: #000000;\">Denn Themen wie digitale Infrastruktur, Energieversorgung und Standortpolitik sind l\u00e4ngst keine technischen Nischenthemen mehr. Sie haben eine zentrale Bedeutung f\u00fcr die wirtschaftliche Entwicklung und die gesellschaftliche Zukunft der Schweiz.<\/span><\/p>\n<p data-start=\"1092\" data-end=\"1322\"><span style=\"color: #000000;\">Die SDCA freut sich, mit erfahrenen Pers\u00f6nlichkeiten aus Politik und Wirtschaft zusammenzuarbeiten, und dankt den Mitgliedern des Politischen Beirats herzlich f\u00fcr ihr Engagement: Franz Gr\u00fcter, Thierry Burkart und Dominik Blunschy.<\/span><\/p>\n<p data-start=\"1324\" data-end=\"1499\"><span style=\"color: #000000;\">Der Verband blickt mit grosser Zuversicht auf den kommenden Austausch und die gemeinsame Weiterentwicklung der Rahmenbedingungen f\u00fcr die digitale Infrastruktur in der Schweiz.<\/span><\/p>\n<p><span style=\"color: #000000;\"><\/span><\/p>\n\t\t\t\t\t\t\t\t<\/div>\n\t\t\t\t<\/div>\n\t\t\t\t\t<\/div>\n\t\t\t\t<\/div>\n\t\t\t\t<\/div>\n\t\t","protected":false},"excerpt":{"rendered":"<p>Die Swiss Data Center Association (SDCA) hat einen weiteren wichtigen Meilenstein erreicht: Der Politische Beirat der SDCA ist erstmals zusammengetreten.<\/p>\n","protected":false},"author":1,"featured_media":4695,"comment_status":"closed","ping_status":"closed","sticky":false,"template":"","format":"standard","meta":{"footnotes":""},"categories":[12],"tags":[],"class_list":["post-4693","post","type-post","status-publish","format-standard","has-post-thumbnail","hentry","category-verband"],"yoast_head":"<!-- This site is optimized with the Yoast SEO plugin v27.1.1 - https:\/\/yoast.com\/product\/yoast-seo-wordpress\/ -->\n<title>Politischer Beirat der SDCA nimmt seine Arbeit auf | SDCA | Swiss Data Center Association<\/title>\n<meta name=\"description\" content=\"Die Swiss Data Center Association (SDCA) hat einen weiteren wichtigen Meilenstein erreicht: Der Politische Beirat der SDCA ist erstmals zusammengetreten.\" \/>\n<meta name=\"robots\" content=\"index, follow, max-snippet:-1, max-image-preview:large, max-video-preview:-1\" \/>\n<link rel=\"canonical\" href=\"https:\/\/sdca.ch\/de\/politischer-beirat-der-sdca-nimmt-seine-arbeit-auf\/\" \/>\n<meta property=\"og:locale\" content=\"de_DE\" \/>\n<meta property=\"og:type\" content=\"article\" \/>\n<meta property=\"og:title\" content=\"Politischer Beirat der SDCA nimmt seine Arbeit auf | SDCA | Swiss Data Center Association\" \/>\n<meta property=\"og:description\" content=\"Die Swiss Data Center Association (SDCA) hat einen weiteren wichtigen Meilenstein erreicht: Der Politische Beirat der SDCA ist erstmals zusammengetreten.\" \/>\n<meta property=\"og:url\" content=\"https:\/\/sdca.ch\/de\/politischer-beirat-der-sdca-nimmt-seine-arbeit-auf\/\" \/>\n<meta property=\"og:site_name\" content=\"SDCA | Swiss Data Center Association\" \/>\n<meta property=\"article:published_time\" content=\"2026-03-17T09:31:25+00:00\" \/>\n<meta property=\"article:modified_time\" content=\"2026-03-17T09:33:05+00:00\" \/>\n<meta property=\"og:image\" content=\"https:\/\/sdca.ch\/de\/wp-content\/uploads\/2026\/03\/Bundeshaus-SDCA.jpeg\" \/>\n\t<meta property=\"og:image:width\" content=\"1152\" \/>\n\t<meta property=\"og:image:height\" content=\"1536\" \/>\n\t<meta property=\"og:image:type\" content=\"image\/jpeg\" \/>\n<meta name=\"author\" content=\"sdca_2023\" \/>\n<meta name=\"twitter:card\" content=\"summary_large_image\" \/>\n<meta name=\"twitter:label1\" content=\"Verfasst von\" \/>\n\t<meta name=\"twitter:data1\" content=\"sdca_2023\" \/>\n\t<meta name=\"twitter:label2\" content=\"Gesch\u00e4tzte Lesezeit\" \/>\n\t<meta name=\"twitter:data2\" content=\"2\u00a0Minuten\" \/>\n<script type=\"application\/ld+json\" class=\"yoast-schema-graph\">{\"@context\":\"https:\/\/schema.org\",\"@graph\":[{\"@type\":\"Article\",\"@id\":\"https:\/\/sdca.ch\/de\/politischer-beirat-der-sdca-nimmt-seine-arbeit-auf\/#article\",\"isPartOf\":{\"@id\":\"https:\/\/sdca.ch\/de\/politischer-beirat-der-sdca-nimmt-seine-arbeit-auf\/\"},\"author\":{\"name\":\"sdca_2023\",\"@id\":\"https:\/\/sdca.ch\/de\/#\/schema\/person\/8dfa4a6955fb92c0f28b8e48484afe4d\"},\"headline\":\"Politischer Beirat der SDCA nimmt seine Arbeit auf\",\"datePublished\":\"2026-03-17T09:31:25+00:00\",\"dateModified\":\"2026-03-17T09:33:05+00:00\",\"mainEntityOfPage\":{\"@id\":\"https:\/\/sdca.ch\/de\/politischer-beirat-der-sdca-nimmt-seine-arbeit-auf\/\"},\"wordCount\":182,\"publisher\":{\"@id\":\"https:\/\/sdca.ch\/de\/#organization\"},\"image\":{\"@id\":\"https:\/\/sdca.ch\/de\/politischer-beirat-der-sdca-nimmt-seine-arbeit-auf\/#primaryimage\"},\"thumbnailUrl\":\"https:\/\/sdca.ch\/de\/wp-content\/uploads\/2026\/03\/Bundeshaus-SDCA.jpeg\",\"articleSection\":[\"Verband\"],\"inLanguage\":\"de\"},{\"@type\":\"WebPage\",\"@id\":\"https:\/\/sdca.ch\/de\/politischer-beirat-der-sdca-nimmt-seine-arbeit-auf\/\",\"url\":\"https:\/\/sdca.ch\/de\/politischer-beirat-der-sdca-nimmt-seine-arbeit-auf\/\",\"name\":\"Politischer Beirat der SDCA nimmt seine Arbeit auf | SDCA | Swiss Data Center Association\",\"isPartOf\":{\"@id\":\"https:\/\/sdca.ch\/de\/#website\"},\"primaryImageOfPage\":{\"@id\":\"https:\/\/sdca.ch\/de\/politischer-beirat-der-sdca-nimmt-seine-arbeit-auf\/#primaryimage\"},\"image\":{\"@id\":\"https:\/\/sdca.ch\/de\/politischer-beirat-der-sdca-nimmt-seine-arbeit-auf\/#primaryimage\"},\"thumbnailUrl\":\"https:\/\/sdca.ch\/de\/wp-content\/uploads\/2026\/03\/Bundeshaus-SDCA.jpeg\",\"datePublished\":\"2026-03-17T09:31:25+00:00\",\"dateModified\":\"2026-03-17T09:33:05+00:00\",\"description\":\"Die Swiss Data Center Association (SDCA) hat einen weiteren wichtigen Meilenstein erreicht: Der Politische Beirat der SDCA ist erstmals zusammengetreten.\",\"breadcrumb\":{\"@id\":\"https:\/\/sdca.ch\/de\/politischer-beirat-der-sdca-nimmt-seine-arbeit-auf\/#breadcrumb\"},\"inLanguage\":\"de\",\"potentialAction\":[{\"@type\":\"ReadAction\",\"target\":[\"https:\/\/sdca.ch\/de\/politischer-beirat-der-sdca-nimmt-seine-arbeit-auf\/\"]}]},{\"@type\":\"ImageObject\",\"inLanguage\":\"de\",\"@id\":\"https:\/\/sdca.ch\/de\/politischer-beirat-der-sdca-nimmt-seine-arbeit-auf\/#primaryimage\",\"url\":\"https:\/\/sdca.ch\/de\/wp-content\/uploads\/2026\/03\/Bundeshaus-SDCA.jpeg\",\"contentUrl\":\"https:\/\/sdca.ch\/de\/wp-content\/uploads\/2026\/03\/Bundeshaus-SDCA.jpeg\",\"width\":1152,\"height\":1536},{\"@type\":\"BreadcrumbList\",\"@id\":\"https:\/\/sdca.ch\/de\/politischer-beirat-der-sdca-nimmt-seine-arbeit-auf\/#breadcrumb\",\"itemListElement\":[{\"@type\":\"ListItem\",\"position\":1,\"name\":\"Startseite\",\"item\":\"https:\/\/sdca.ch\/de\/\"},{\"@type\":\"ListItem\",\"position\":2,\"name\":\"Politischer Beirat der SDCA nimmt seine Arbeit auf\"}]},{\"@type\":\"WebSite\",\"@id\":\"https:\/\/sdca.ch\/de\/#website\",\"url\":\"https:\/\/sdca.ch\/de\/\",\"name\":\"SDCA | Swiss Data Center Association\",\"description\":\"Official website\",\"publisher\":{\"@id\":\"https:\/\/sdca.ch\/de\/#organization\"},\"potentialAction\":[{\"@type\":\"SearchAction\",\"target\":{\"@type\":\"EntryPoint\",\"urlTemplate\":\"https:\/\/sdca.ch\/de\/?s={search_term_string}\"},\"query-input\":{\"@type\":\"PropertyValueSpecification\",\"valueRequired\":true,\"valueName\":\"search_term_string\"}}],\"inLanguage\":\"de\"},{\"@type\":\"Organization\",\"@id\":\"https:\/\/sdca.ch\/de\/#organization\",\"name\":\"SDCA | Swiss Data Center Association\",\"url\":\"https:\/\/sdca.ch\/de\/\",\"logo\":{\"@type\":\"ImageObject\",\"inLanguage\":\"de\",\"@id\":\"https:\/\/sdca.ch\/de\/#\/schema\/logo\/image\/\",\"url\":\"https:\/\/sdca.ch\/de\/wp-content\/uploads\/2023\/08\/SDCA-logo.png\",\"contentUrl\":\"https:\/\/sdca.ch\/de\/wp-content\/uploads\/2023\/08\/SDCA-logo.png\",\"width\":404,\"height\":127,\"caption\":\"SDCA | Swiss Data Center Association\"},\"image\":{\"@id\":\"https:\/\/sdca.ch\/de\/#\/schema\/logo\/image\/\"},\"sameAs\":[\"https:\/\/www.linkedin.com\/company\/vigiswiss\/\"]},{\"@type\":\"Person\",\"@id\":\"https:\/\/sdca.ch\/de\/#\/schema\/person\/8dfa4a6955fb92c0f28b8e48484afe4d\",\"name\":\"sdca_2023\",\"image\":{\"@type\":\"ImageObject\",\"inLanguage\":\"de\",\"@id\":\"https:\/\/sdca.ch\/de\/#\/schema\/person\/image\/\",\"url\":\"https:\/\/secure.gravatar.com\/avatar\/9bea68a1c277f2f9be07c909643049cb5520363a9f2a1fcd3a343f5f28512c48?s=96&d=mm&r=g\",\"contentUrl\":\"https:\/\/secure.gravatar.com\/avatar\/9bea68a1c277f2f9be07c909643049cb5520363a9f2a1fcd3a343f5f28512c48?s=96&d=mm&r=g\",\"caption\":\"sdca_2023\"},\"sameAs\":[\"https:\/\/sdca.ch\/de\"]}]}<\/script>\n<!-- \/ Yoast SEO plugin. -->","yoast_head_json":{"title":"Politischer Beirat der SDCA nimmt seine Arbeit auf | SDCA | Swiss Data Center Association","description":"Die Swiss Data Center Association (SDCA) hat einen weiteren wichtigen Meilenstein erreicht: Der Politische Beirat der SDCA ist erstmals zusammengetreten.","robots":{"index":"index","follow":"follow","max-snippet":"max-snippet:-1","max-image-preview":"max-image-preview:large","max-video-preview":"max-video-preview:-1"},"canonical":"https:\/\/sdca.ch\/de\/politischer-beirat-der-sdca-nimmt-seine-arbeit-auf\/","og_locale":"de_DE","og_type":"article","og_title":"Politischer Beirat der SDCA nimmt seine Arbeit auf | SDCA | Swiss Data Center Association","og_description":"Die Swiss Data Center Association (SDCA) hat einen weiteren wichtigen Meilenstein erreicht: Der Politische Beirat der SDCA ist erstmals zusammengetreten.","og_url":"https:\/\/sdca.ch\/de\/politischer-beirat-der-sdca-nimmt-seine-arbeit-auf\/","og_site_name":"SDCA | Swiss Data Center Association","article_published_time":"2026-03-17T09:31:25+00:00","article_modified_time":"2026-03-17T09:33:05+00:00","og_image":[{"width":1152,"height":1536,"url":"https:\/\/sdca.ch\/de\/wp-content\/uploads\/2026\/03\/Bundeshaus-SDCA.jpeg","type":"image\/jpeg"}],"author":"sdca_2023","twitter_card":"summary_large_image","twitter_misc":{"Verfasst von":"sdca_2023","Gesch\u00e4tzte Lesezeit":"2\u00a0Minuten"},"schema":{"@context":"https:\/\/schema.org","@graph":[{"@type":"Article","@id":"https:\/\/sdca.ch\/de\/politischer-beirat-der-sdca-nimmt-seine-arbeit-auf\/#article","isPartOf":{"@id":"https:\/\/sdca.ch\/de\/politischer-beirat-der-sdca-nimmt-seine-arbeit-auf\/"},"author":{"name":"sdca_2023","@id":"https:\/\/sdca.ch\/de\/#\/schema\/person\/8dfa4a6955fb92c0f28b8e48484afe4d"},"headline":"Politischer Beirat der SDCA nimmt seine Arbeit auf","datePublished":"2026-03-17T09:31:25+00:00","dateModified":"2026-03-17T09:33:05+00:00","mainEntityOfPage":{"@id":"https:\/\/sdca.ch\/de\/politischer-beirat-der-sdca-nimmt-seine-arbeit-auf\/"},"wordCount":182,"publisher":{"@id":"https:\/\/sdca.ch\/de\/#organization"},"image":{"@id":"https:\/\/sdca.ch\/de\/politischer-beirat-der-sdca-nimmt-seine-arbeit-auf\/#primaryimage"},"thumbnailUrl":"https:\/\/sdca.ch\/de\/wp-content\/uploads\/2026\/03\/Bundeshaus-SDCA.jpeg","articleSection":["Verband"],"inLanguage":"de"},{"@type":"WebPage","@id":"https:\/\/sdca.ch\/de\/politischer-beirat-der-sdca-nimmt-seine-arbeit-auf\/","url":"https:\/\/sdca.ch\/de\/politischer-beirat-der-sdca-nimmt-seine-arbeit-auf\/","name":"Politischer Beirat der SDCA nimmt seine Arbeit auf | SDCA | Swiss Data Center Association","isPartOf":{"@id":"https:\/\/sdca.ch\/de\/#website"},"primaryImageOfPage":{"@id":"https:\/\/sdca.ch\/de\/politischer-beirat-der-sdca-nimmt-seine-arbeit-auf\/#primaryimage"},"image":{"@id":"https:\/\/sdca.ch\/de\/politischer-beirat-der-sdca-nimmt-seine-arbeit-auf\/#primaryimage"},"thumbnailUrl":"https:\/\/sdca.ch\/de\/wp-content\/uploads\/2026\/03\/Bundeshaus-SDCA.jpeg","datePublished":"2026-03-17T09:31:25+00:00","dateModified":"2026-03-17T09:33:05+00:00","description":"Die Swiss Data Center Association (SDCA) hat einen weiteren wichtigen Meilenstein erreicht: Der Politische Beirat der SDCA ist erstmals zusammengetreten.","breadcrumb":{"@id":"https:\/\/sdca.ch\/de\/politischer-beirat-der-sdca-nimmt-seine-arbeit-auf\/#breadcrumb"},"inLanguage":"de","potentialAction":[{"@type":"ReadAction","target":["https:\/\/sdca.ch\/de\/politischer-beirat-der-sdca-nimmt-seine-arbeit-auf\/"]}]},{"@type":"ImageObject","inLanguage":"de","@id":"https:\/\/sdca.ch\/de\/politischer-beirat-der-sdca-nimmt-seine-arbeit-auf\/#primaryimage","url":"https:\/\/sdca.ch\/de\/wp-content\/uploads\/2026\/03\/Bundeshaus-SDCA.jpeg","contentUrl":"https:\/\/sdca.ch\/de\/wp-content\/uploads\/2026\/03\/Bundeshaus-SDCA.jpeg","width":1152,"height":1536},{"@type":"BreadcrumbList","@id":"https:\/\/sdca.ch\/de\/politischer-beirat-der-sdca-nimmt-seine-arbeit-auf\/#breadcrumb","itemListElement":[{"@type":"ListItem","position":1,"name":"Startseite","item":"https:\/\/sdca.ch\/de\/"},{"@type":"ListItem","position":2,"name":"Politischer Beirat der SDCA nimmt seine Arbeit auf"}]},{"@type":"WebSite","@id":"https:\/\/sdca.ch\/de\/#website","url":"https:\/\/sdca.ch\/de\/","name":"SDCA | Swiss Data Center Association","description":"Official website","publisher":{"@id":"https:\/\/sdca.ch\/de\/#organization"},"potentialAction":[{"@type":"SearchAction","target":{"@type":"EntryPoint","urlTemplate":"https:\/\/sdca.ch\/de\/?s={search_term_string}"},"query-input":{"@type":"PropertyValueSpecification","valueRequired":true,"valueName":"search_term_string"}}],"inLanguage":"de"},{"@type":"Organization","@id":"https:\/\/sdca.ch\/de\/#organization","name":"SDCA | Swiss Data Center Association","url":"https:\/\/sdca.ch\/de\/","logo":{"@type":"ImageObject","inLanguage":"de","@id":"https:\/\/sdca.ch\/de\/#\/schema\/logo\/image\/","url":"https:\/\/sdca.ch\/de\/wp-content\/uploads\/2023\/08\/SDCA-logo.png","contentUrl":"https:\/\/sdca.ch\/de\/wp-content\/uploads\/2023\/08\/SDCA-logo.png","width":404,"height":127,"caption":"SDCA | Swiss Data Center Association"},"image":{"@id":"https:\/\/sdca.ch\/de\/#\/schema\/logo\/image\/"},"sameAs":["https:\/\/www.linkedin.com\/company\/vigiswiss\/"]},{"@type":"Person","@id":"https:\/\/sdca.ch\/de\/#\/schema\/person\/8dfa4a6955fb92c0f28b8e48484afe4d","name":"sdca_2023","image":{"@type":"ImageObject","inLanguage":"de","@id":"https:\/\/sdca.ch\/de\/#\/schema\/person\/image\/","url":"https:\/\/secure.gravatar.com\/avatar\/9bea68a1c277f2f9be07c909643049cb5520363a9f2a1fcd3a343f5f28512c48?s=96&d=mm&r=g","contentUrl":"https:\/\/secure.gravatar.com\/avatar\/9bea68a1c277f2f9be07c909643049cb5520363a9f2a1fcd3a343f5f28512c48?s=96&d=mm&r=g","caption":"sdca_2023"},"sameAs":["https:\/\/sdca.ch\/de"]}]}},"_links":{"self":[{"href":"https:\/\/sdca.ch\/de\/wp-json\/wp\/v2\/posts\/4693","targetHints":{"allow":["GET"]}}],"collection":[{"href":"https:\/\/sdca.ch\/de\/wp-json\/wp\/v2\/posts"}],"about":[{"href":"https:\/\/sdca.ch\/de\/wp-json\/wp\/v2\/types\/post"}],"author":[{"embeddable":true,"href":"https:\/\/sdca.ch\/de\/wp-json\/wp\/v2\/users\/1"}],"replies":[{"embeddable":true,"href":"https:\/\/sdca.ch\/de\/wp-json\/wp\/v2\/comments?post=4693"}],"version-history":[{"count":8,"href":"https:\/\/sdca.ch\/de\/wp-json\/wp\/v2\/posts\/4693\/revisions"}],"predecessor-version":[{"id":4702,"href":"https:\/\/sdca.ch\/de\/wp-json\/wp\/v2\/posts\/4693\/revisions\/4702"}],"wp:featuredmedia":[{"embeddable":true,"href":"https:\/\/sdca.ch\/de\/wp-json\/wp\/v2\/media\/4695"}],"wp:attachment":[{"href":"https:\/\/sdca.ch\/de\/wp-json\/wp\/v2\/media?parent=4693"}],"wp:term":[{"taxonomy":"category","embeddable":true,"href":"https:\/\/sdca.ch\/de\/wp-json\/wp\/v2\/categories?post=4693"},{"taxonomy":"post_tag","embeddable":true,"href":"https:\/\/sdca.ch\/de\/wp-json\/wp\/v2\/tags?post=4693"}],"curies":[{"name":"wp","href":"https:\/\/api.w.org\/{rel}","templated":true}]}}