{"id":4749,"date":"2026-03-25T06:11:15","date_gmt":"2026-03-25T06:11:15","guid":{"rendered":"https:\/\/sdca.ch\/de\/?p=4749"},"modified":"2026-03-25T06:12:39","modified_gmt":"2026-03-25T06:12:39","slug":"was-fuer-ein-grossartiger-moment-fuer-die-sdca","status":"publish","type":"post","link":"https:\/\/sdca.ch\/de\/was-fuer-ein-grossartiger-moment-fuer-die-sdca\/","title":{"rendered":"Was f\u00fcr ein grossartiger Moment f\u00fcr die SDCA"},"content":{"rendered":"\t\t<div data-elementor-type=\"wp-post\" data-elementor-id=\"4749\" class=\"elementor elementor-4749\" data-elementor-post-type=\"post\">\n\t\t\t\t<div class=\"elementor-element elementor-element-7e03ff96 e-flex e-con-boxed e-con e-parent\" data-id=\"7e03ff96\" data-element_type=\"container\" data-e-type=\"container\">\n\t\t\t\t\t<div class=\"e-con-inner\">\n\t\t\t\t<div class=\"elementor-element elementor-element-abbf9e8 elementor-widget elementor-widget-image\" data-id=\"abbf9e8\" data-element_type=\"widget\" data-e-type=\"widget\" data-widget_type=\"image.default\">\n\t\t\t\t<div class=\"elementor-widget-container\">\n\t\t\t\t\t\t\t\t\t\t\t\t\t\t\t<img fetchpriority=\"high\" decoding=\"async\" width=\"800\" height=\"1000\" src=\"https:\/\/sdca.ch\/de\/wp-content\/uploads\/2026\/03\/SDCA-Digital-Shapers-819x1024.png\" class=\"attachment-large size-large wp-image-4750\" alt=\"\" srcset=\"https:\/\/sdca.ch\/de\/wp-content\/uploads\/2026\/03\/SDCA-Digital-Shapers-819x1024.png 819w, https:\/\/sdca.ch\/de\/wp-content\/uploads\/2026\/03\/SDCA-Digital-Shapers-240x300.png 240w, https:\/\/sdca.ch\/de\/wp-content\/uploads\/2026\/03\/SDCA-Digital-Shapers-768x960.png 768w, https:\/\/sdca.ch\/de\/wp-content\/uploads\/2026\/03\/SDCA-Digital-Shapers.png 1200w\" sizes=\"(max-width: 800px) 100vw, 800px\" \/>\t\t\t\t\t\t\t\t\t\t\t\t\t\t\t<\/div>\n\t\t\t\t<\/div>\n\t\t\t\t<div class=\"elementor-element elementor-element-1057327c elementor-widget elementor-widget-text-editor\" data-id=\"1057327c\" data-element_type=\"widget\" data-e-type=\"widget\" data-widget_type=\"text-editor.default\">\n\t\t\t\t<div class=\"elementor-widget-container\">\n\t\t\t\t\t\t\t\t\t\n<p><span style=\"color: #000000;\">Was f\u00fcr ein grossartiger Moment f\u00fcr die SDCA!<\/span><\/p>\n<p><span style=\"color: #000000;\">Unser Pr\u00e4sident <strong>Roger S\u00fcess<\/strong> und unser Vizepr\u00e4sident <strong>Yves Zischek<\/strong> wurden beide zu den <em>Digital Shapers 2026<\/em> gew\u00e4hlt \u2013 und das unter einer Vielzahl herausragender Pers\u00f6nlichkeiten der Schweizer Digitalbranche.<\/span><\/p>\n<p><span style=\"color: #000000;\">Die Auszeichnung wird vom BILANZ Wirtschaftsmagazin in Zusammenarbeit mit digitalswitzerland, der HANDELSZEITUNG und PME vergeben und w\u00fcrdigt j\u00e4hrlich 100 Menschen, die die Digitalisierung in der Schweiz entscheidend vorantreiben.<\/span><\/p>\n<p><span style=\"color: #000000;\">Wir sind stolz, dass gleich zwei Vertreter unseres Verbands Teil dieser inspirierenden Community sind.<\/span><\/p>\n<p><span style=\"color: #000000;\">Herzliche Gratulation an Roger und Yves und ebenso an alle anderen Digital Shapers. Es ist beeindruckend zu sehen, wie viele engagierte Pers\u00f6nlichkeiten die digitale Zukunft der Schweiz aktiv mitgestalten.<\/span><\/p>\n<p><span style=\"color: #000000;\"><\/span><\/p>\n\t\t\t\t\t\t\t\t<\/div>\n\t\t\t\t<\/div>\n\t\t\t\t<div class=\"elementor-element elementor-element-0f6ff33 elementor-widget elementor-widget-image\" data-id=\"0f6ff33\" data-element_type=\"widget\" data-e-type=\"widget\" data-widget_type=\"image.default\">\n\t\t\t\t<div class=\"elementor-widget-container\">\n\t\t\t\t\t\t\t\t\t\t\t\t\t\t\t<img decoding=\"async\" width=\"800\" height=\"450\" src=\"https:\/\/sdca.ch\/de\/wp-content\/uploads\/2026\/03\/Digital-Shapers.avif\" class=\"attachment-large size-large wp-image-4751\" alt=\"\" \/>\t\t\t\t\t\t\t\t\t\t\t\t\t\t\t<\/div>\n\t\t\t\t<\/div>\n\t\t\t\t\t<\/div>\n\t\t\t\t<\/div>\n\t\t\t\t<\/div>\n\t\t","protected":false},"excerpt":{"rendered":"<p>Unser Pr\u00e4sident Roger S\u00fcess und unser Vizepr\u00e4sident Yves Zischek wurden beide zu den Digital Shapers 2026 gew\u00e4hlt und das unter einer Vielzahl herausragender Pers\u00f6nlichkeiten der Schweizer Digitalbranche.<\/p>\n","protected":false},"author":1,"featured_media":4751,"comment_status":"closed","ping_status":"closed","sticky":false,"template":"","format":"standard","meta":{"footnotes":""},"categories":[12],"tags":[],"class_list":["post-4749","post","type-post","status-publish","format-standard","has-post-thumbnail","hentry","category-verband"],"yoast_head":"<!-- This site is optimized with the Yoast SEO plugin v27.1.1 - https:\/\/yoast.com\/product\/yoast-seo-wordpress\/ -->\n<title>Was f\u00fcr ein grossartiger Moment f\u00fcr die SDCA | SDCA | Swiss Data Center Association<\/title>\n<meta name=\"description\" content=\"Unser Pr\u00e4sident Roger S\u00fcess und unser Vizepr\u00e4sident Yves Zischek wurden beide zu den Digital Shapers 2026 gew\u00e4hlt \u2013 und das unter einer Vielzahl herausragender Pers\u00f6nlichkeiten der Schweizer Digitalbranche.\" \/>\n<meta name=\"robots\" content=\"index, follow, max-snippet:-1, max-image-preview:large, max-video-preview:-1\" \/>\n<link rel=\"canonical\" href=\"https:\/\/sdca.ch\/de\/was-fuer-ein-grossartiger-moment-fuer-die-sdca\/\" \/>\n<meta property=\"og:locale\" content=\"de_DE\" \/>\n<meta property=\"og:type\" content=\"article\" \/>\n<meta property=\"og:title\" content=\"Was f\u00fcr ein grossartiger Moment f\u00fcr die SDCA | SDCA | Swiss Data Center Association\" \/>\n<meta property=\"og:description\" content=\"Unser Pr\u00e4sident Roger S\u00fcess und unser Vizepr\u00e4sident Yves Zischek wurden beide zu den Digital Shapers 2026 gew\u00e4hlt \u2013 und das unter einer Vielzahl herausragender Pers\u00f6nlichkeiten der Schweizer Digitalbranche.\" \/>\n<meta property=\"og:url\" content=\"https:\/\/sdca.ch\/de\/was-fuer-ein-grossartiger-moment-fuer-die-sdca\/\" \/>\n<meta property=\"og:site_name\" content=\"SDCA | Swiss Data Center Association\" \/>\n<meta property=\"article:published_time\" content=\"2026-03-25T06:11:15+00:00\" \/>\n<meta property=\"article:modified_time\" content=\"2026-03-25T06:12:39+00:00\" \/>\n<meta property=\"og:image\" content=\"https:\/\/sdca.ch\/de\/wp-content\/uploads\/2023\/11\/SDCA-img-evidenza.jpg\" \/>\n\t<meta property=\"og:image:width\" content=\"1200\" \/>\n\t<meta property=\"og:image:height\" content=\"750\" \/>\n\t<meta property=\"og:image:type\" content=\"image\/jpeg\" \/>\n<meta name=\"author\" content=\"sdca_2023\" \/>\n<meta name=\"twitter:card\" content=\"summary_large_image\" \/>\n<meta name=\"twitter:label1\" content=\"Verfasst von\" \/>\n\t<meta name=\"twitter:data1\" content=\"sdca_2023\" \/>\n\t<meta name=\"twitter:label2\" content=\"Gesch\u00e4tzte Lesezeit\" \/>\n\t<meta name=\"twitter:data2\" content=\"1\u00a0Minute\" \/>\n<script type=\"application\/ld+json\" class=\"yoast-schema-graph\">{\"@context\":\"https:\/\/schema.org\",\"@graph\":[{\"@type\":\"Article\",\"@id\":\"https:\/\/sdca.ch\/de\/was-fuer-ein-grossartiger-moment-fuer-die-sdca\/#article\",\"isPartOf\":{\"@id\":\"https:\/\/sdca.ch\/de\/was-fuer-ein-grossartiger-moment-fuer-die-sdca\/\"},\"author\":{\"name\":\"sdca_2023\",\"@id\":\"https:\/\/sdca.ch\/de\/#\/schema\/person\/8dfa4a6955fb92c0f28b8e48484afe4d\"},\"headline\":\"Was f\u00fcr ein grossartiger Moment f\u00fcr die SDCA\",\"datePublished\":\"2026-03-25T06:11:15+00:00\",\"dateModified\":\"2026-03-25T06:12:39+00:00\",\"mainEntityOfPage\":{\"@id\":\"https:\/\/sdca.ch\/de\/was-fuer-ein-grossartiger-moment-fuer-die-sdca\/\"},\"wordCount\":124,\"publisher\":{\"@id\":\"https:\/\/sdca.ch\/de\/#organization\"},\"image\":{\"@id\":\"https:\/\/sdca.ch\/de\/was-fuer-ein-grossartiger-moment-fuer-die-sdca\/#primaryimage\"},\"thumbnailUrl\":\"https:\/\/sdca.ch\/de\/wp-content\/uploads\/2026\/03\/Digital-Shapers.avif\",\"articleSection\":[\"Verband\"],\"inLanguage\":\"de\"},{\"@type\":\"WebPage\",\"@id\":\"https:\/\/sdca.ch\/de\/was-fuer-ein-grossartiger-moment-fuer-die-sdca\/\",\"url\":\"https:\/\/sdca.ch\/de\/was-fuer-ein-grossartiger-moment-fuer-die-sdca\/\",\"name\":\"Was f\u00fcr ein grossartiger Moment f\u00fcr die SDCA | SDCA | Swiss Data Center Association\",\"isPartOf\":{\"@id\":\"https:\/\/sdca.ch\/de\/#website\"},\"primaryImageOfPage\":{\"@id\":\"https:\/\/sdca.ch\/de\/was-fuer-ein-grossartiger-moment-fuer-die-sdca\/#primaryimage\"},\"image\":{\"@id\":\"https:\/\/sdca.ch\/de\/was-fuer-ein-grossartiger-moment-fuer-die-sdca\/#primaryimage\"},\"thumbnailUrl\":\"https:\/\/sdca.ch\/de\/wp-content\/uploads\/2026\/03\/Digital-Shapers.avif\",\"datePublished\":\"2026-03-25T06:11:15+00:00\",\"dateModified\":\"2026-03-25T06:12:39+00:00\",\"description\":\"Unser Pr\u00e4sident Roger S\u00fcess und unser Vizepr\u00e4sident Yves Zischek wurden beide zu den Digital Shapers 2026 gew\u00e4hlt \u2013 und das unter einer Vielzahl herausragender Pers\u00f6nlichkeiten der Schweizer Digitalbranche.\",\"breadcrumb\":{\"@id\":\"https:\/\/sdca.ch\/de\/was-fuer-ein-grossartiger-moment-fuer-die-sdca\/#breadcrumb\"},\"inLanguage\":\"de\",\"potentialAction\":[{\"@type\":\"ReadAction\",\"target\":[\"https:\/\/sdca.ch\/de\/was-fuer-ein-grossartiger-moment-fuer-die-sdca\/\"]}]},{\"@type\":\"ImageObject\",\"inLanguage\":\"de\",\"@id\":\"https:\/\/sdca.ch\/de\/was-fuer-ein-grossartiger-moment-fuer-die-sdca\/#primaryimage\",\"url\":\"https:\/\/sdca.ch\/de\/wp-content\/uploads\/2026\/03\/Digital-Shapers.avif\",\"contentUrl\":\"https:\/\/sdca.ch\/de\/wp-content\/uploads\/2026\/03\/Digital-Shapers.avif\",\"width\":1284,\"height\":722},{\"@type\":\"BreadcrumbList\",\"@id\":\"https:\/\/sdca.ch\/de\/was-fuer-ein-grossartiger-moment-fuer-die-sdca\/#breadcrumb\",\"itemListElement\":[{\"@type\":\"ListItem\",\"position\":1,\"name\":\"Startseite\",\"item\":\"https:\/\/sdca.ch\/de\/\"},{\"@type\":\"ListItem\",\"position\":2,\"name\":\"Was f\u00fcr ein grossartiger Moment f\u00fcr die SDCA\"}]},{\"@type\":\"WebSite\",\"@id\":\"https:\/\/sdca.ch\/de\/#website\",\"url\":\"https:\/\/sdca.ch\/de\/\",\"name\":\"SDCA | Swiss Data Center Association\",\"description\":\"Official website\",\"publisher\":{\"@id\":\"https:\/\/sdca.ch\/de\/#organization\"},\"potentialAction\":[{\"@type\":\"SearchAction\",\"target\":{\"@type\":\"EntryPoint\",\"urlTemplate\":\"https:\/\/sdca.ch\/de\/?s={search_term_string}\"},\"query-input\":{\"@type\":\"PropertyValueSpecification\",\"valueRequired\":true,\"valueName\":\"search_term_string\"}}],\"inLanguage\":\"de\"},{\"@type\":\"Organization\",\"@id\":\"https:\/\/sdca.ch\/de\/#organization\",\"name\":\"SDCA | Swiss Data Center Association\",\"url\":\"https:\/\/sdca.ch\/de\/\",\"logo\":{\"@type\":\"ImageObject\",\"inLanguage\":\"de\",\"@id\":\"https:\/\/sdca.ch\/de\/#\/schema\/logo\/image\/\",\"url\":\"https:\/\/sdca.ch\/de\/wp-content\/uploads\/2023\/08\/SDCA-logo.png\",\"contentUrl\":\"https:\/\/sdca.ch\/de\/wp-content\/uploads\/2023\/08\/SDCA-logo.png\",\"width\":404,\"height\":127,\"caption\":\"SDCA | Swiss Data Center Association\"},\"image\":{\"@id\":\"https:\/\/sdca.ch\/de\/#\/schema\/logo\/image\/\"},\"sameAs\":[\"https:\/\/www.linkedin.com\/company\/vigiswiss\/\"]},{\"@type\":\"Person\",\"@id\":\"https:\/\/sdca.ch\/de\/#\/schema\/person\/8dfa4a6955fb92c0f28b8e48484afe4d\",\"name\":\"sdca_2023\",\"image\":{\"@type\":\"ImageObject\",\"inLanguage\":\"de\",\"@id\":\"https:\/\/sdca.ch\/de\/#\/schema\/person\/image\/\",\"url\":\"https:\/\/secure.gravatar.com\/avatar\/9bea68a1c277f2f9be07c909643049cb5520363a9f2a1fcd3a343f5f28512c48?s=96&d=mm&r=g\",\"contentUrl\":\"https:\/\/secure.gravatar.com\/avatar\/9bea68a1c277f2f9be07c909643049cb5520363a9f2a1fcd3a343f5f28512c48?s=96&d=mm&r=g\",\"caption\":\"sdca_2023\"},\"sameAs\":[\"https:\/\/sdca.ch\/de\"]}]}<\/script>\n<!-- \/ Yoast SEO plugin. -->","yoast_head_json":{"title":"Was f\u00fcr ein grossartiger Moment f\u00fcr die SDCA | SDCA | Swiss Data Center Association","description":"Unser Pr\u00e4sident Roger S\u00fcess und unser Vizepr\u00e4sident Yves Zischek wurden beide zu den Digital Shapers 2026 gew\u00e4hlt \u2013 und das unter einer Vielzahl herausragender Pers\u00f6nlichkeiten der Schweizer Digitalbranche.","robots":{"index":"index","follow":"follow","max-snippet":"max-snippet:-1","max-image-preview":"max-image-preview:large","max-video-preview":"max-video-preview:-1"},"canonical":"https:\/\/sdca.ch\/de\/was-fuer-ein-grossartiger-moment-fuer-die-sdca\/","og_locale":"de_DE","og_type":"article","og_title":"Was f\u00fcr ein grossartiger Moment f\u00fcr die SDCA | SDCA | Swiss Data Center Association","og_description":"Unser Pr\u00e4sident Roger S\u00fcess und unser Vizepr\u00e4sident Yves Zischek wurden beide zu den Digital Shapers 2026 gew\u00e4hlt \u2013 und das unter einer Vielzahl herausragender Pers\u00f6nlichkeiten der Schweizer Digitalbranche.","og_url":"https:\/\/sdca.ch\/de\/was-fuer-ein-grossartiger-moment-fuer-die-sdca\/","og_site_name":"SDCA | Swiss Data Center Association","article_published_time":"2026-03-25T06:11:15+00:00","article_modified_time":"2026-03-25T06:12:39+00:00","og_image":[{"width":1200,"height":750,"url":"https:\/\/sdca.ch\/de\/wp-content\/uploads\/2023\/11\/SDCA-img-evidenza.jpg","type":"image\/jpeg"}],"author":"sdca_2023","twitter_card":"summary_large_image","twitter_misc":{"Verfasst von":"sdca_2023","Gesch\u00e4tzte Lesezeit":"1\u00a0Minute"},"schema":{"@context":"https:\/\/schema.org","@graph":[{"@type":"Article","@id":"https:\/\/sdca.ch\/de\/was-fuer-ein-grossartiger-moment-fuer-die-sdca\/#article","isPartOf":{"@id":"https:\/\/sdca.ch\/de\/was-fuer-ein-grossartiger-moment-fuer-die-sdca\/"},"author":{"name":"sdca_2023","@id":"https:\/\/sdca.ch\/de\/#\/schema\/person\/8dfa4a6955fb92c0f28b8e48484afe4d"},"headline":"Was f\u00fcr ein grossartiger Moment f\u00fcr die SDCA","datePublished":"2026-03-25T06:11:15+00:00","dateModified":"2026-03-25T06:12:39+00:00","mainEntityOfPage":{"@id":"https:\/\/sdca.ch\/de\/was-fuer-ein-grossartiger-moment-fuer-die-sdca\/"},"wordCount":124,"publisher":{"@id":"https:\/\/sdca.ch\/de\/#organization"},"image":{"@id":"https:\/\/sdca.ch\/de\/was-fuer-ein-grossartiger-moment-fuer-die-sdca\/#primaryimage"},"thumbnailUrl":"https:\/\/sdca.ch\/de\/wp-content\/uploads\/2026\/03\/Digital-Shapers.avif","articleSection":["Verband"],"inLanguage":"de"},{"@type":"WebPage","@id":"https:\/\/sdca.ch\/de\/was-fuer-ein-grossartiger-moment-fuer-die-sdca\/","url":"https:\/\/sdca.ch\/de\/was-fuer-ein-grossartiger-moment-fuer-die-sdca\/","name":"Was f\u00fcr ein grossartiger Moment f\u00fcr die SDCA | SDCA | Swiss Data Center Association","isPartOf":{"@id":"https:\/\/sdca.ch\/de\/#website"},"primaryImageOfPage":{"@id":"https:\/\/sdca.ch\/de\/was-fuer-ein-grossartiger-moment-fuer-die-sdca\/#primaryimage"},"image":{"@id":"https:\/\/sdca.ch\/de\/was-fuer-ein-grossartiger-moment-fuer-die-sdca\/#primaryimage"},"thumbnailUrl":"https:\/\/sdca.ch\/de\/wp-content\/uploads\/2026\/03\/Digital-Shapers.avif","datePublished":"2026-03-25T06:11:15+00:00","dateModified":"2026-03-25T06:12:39+00:00","description":"Unser Pr\u00e4sident Roger S\u00fcess und unser Vizepr\u00e4sident Yves Zischek wurden beide zu den Digital Shapers 2026 gew\u00e4hlt \u2013 und das unter einer Vielzahl herausragender Pers\u00f6nlichkeiten der Schweizer Digitalbranche.","breadcrumb":{"@id":"https:\/\/sdca.ch\/de\/was-fuer-ein-grossartiger-moment-fuer-die-sdca\/#breadcrumb"},"inLanguage":"de","potentialAction":[{"@type":"ReadAction","target":["https:\/\/sdca.ch\/de\/was-fuer-ein-grossartiger-moment-fuer-die-sdca\/"]}]},{"@type":"ImageObject","inLanguage":"de","@id":"https:\/\/sdca.ch\/de\/was-fuer-ein-grossartiger-moment-fuer-die-sdca\/#primaryimage","url":"https:\/\/sdca.ch\/de\/wp-content\/uploads\/2026\/03\/Digital-Shapers.avif","contentUrl":"https:\/\/sdca.ch\/de\/wp-content\/uploads\/2026\/03\/Digital-Shapers.avif","width":1284,"height":722},{"@type":"BreadcrumbList","@id":"https:\/\/sdca.ch\/de\/was-fuer-ein-grossartiger-moment-fuer-die-sdca\/#breadcrumb","itemListElement":[{"@type":"ListItem","position":1,"name":"Startseite","item":"https:\/\/sdca.ch\/de\/"},{"@type":"ListItem","position":2,"name":"Was f\u00fcr ein grossartiger Moment f\u00fcr die SDCA"}]},{"@type":"WebSite","@id":"https:\/\/sdca.ch\/de\/#website","url":"https:\/\/sdca.ch\/de\/","name":"SDCA | Swiss Data Center Association","description":"Official website","publisher":{"@id":"https:\/\/sdca.ch\/de\/#organization"},"potentialAction":[{"@type":"SearchAction","target":{"@type":"EntryPoint","urlTemplate":"https:\/\/sdca.ch\/de\/?s={search_term_string}"},"query-input":{"@type":"PropertyValueSpecification","valueRequired":true,"valueName":"search_term_string"}}],"inLanguage":"de"},{"@type":"Organization","@id":"https:\/\/sdca.ch\/de\/#organization","name":"SDCA | Swiss Data Center Association","url":"https:\/\/sdca.ch\/de\/","logo":{"@type":"ImageObject","inLanguage":"de","@id":"https:\/\/sdca.ch\/de\/#\/schema\/logo\/image\/","url":"https:\/\/sdca.ch\/de\/wp-content\/uploads\/2023\/08\/SDCA-logo.png","contentUrl":"https:\/\/sdca.ch\/de\/wp-content\/uploads\/2023\/08\/SDCA-logo.png","width":404,"height":127,"caption":"SDCA | Swiss Data Center Association"},"image":{"@id":"https:\/\/sdca.ch\/de\/#\/schema\/logo\/image\/"},"sameAs":["https:\/\/www.linkedin.com\/company\/vigiswiss\/"]},{"@type":"Person","@id":"https:\/\/sdca.ch\/de\/#\/schema\/person\/8dfa4a6955fb92c0f28b8e48484afe4d","name":"sdca_2023","image":{"@type":"ImageObject","inLanguage":"de","@id":"https:\/\/sdca.ch\/de\/#\/schema\/person\/image\/","url":"https:\/\/secure.gravatar.com\/avatar\/9bea68a1c277f2f9be07c909643049cb5520363a9f2a1fcd3a343f5f28512c48?s=96&d=mm&r=g","contentUrl":"https:\/\/secure.gravatar.com\/avatar\/9bea68a1c277f2f9be07c909643049cb5520363a9f2a1fcd3a343f5f28512c48?s=96&d=mm&r=g","caption":"sdca_2023"},"sameAs":["https:\/\/sdca.ch\/de"]}]}},"_links":{"self":[{"href":"https:\/\/sdca.ch\/de\/wp-json\/wp\/v2\/posts\/4749","targetHints":{"allow":["GET"]}}],"collection":[{"href":"https:\/\/sdca.ch\/de\/wp-json\/wp\/v2\/posts"}],"about":[{"href":"https:\/\/sdca.ch\/de\/wp-json\/wp\/v2\/types\/post"}],"author":[{"embeddable":true,"href":"https:\/\/sdca.ch\/de\/wp-json\/wp\/v2\/users\/1"}],"replies":[{"embeddable":true,"href":"https:\/\/sdca.ch\/de\/wp-json\/wp\/v2\/comments?post=4749"}],"version-history":[{"count":5,"href":"https:\/\/sdca.ch\/de\/wp-json\/wp\/v2\/posts\/4749\/revisions"}],"predecessor-version":[{"id":4756,"href":"https:\/\/sdca.ch\/de\/wp-json\/wp\/v2\/posts\/4749\/revisions\/4756"}],"wp:featuredmedia":[{"embeddable":true,"href":"https:\/\/sdca.ch\/de\/wp-json\/wp\/v2\/media\/4751"}],"wp:attachment":[{"href":"https:\/\/sdca.ch\/de\/wp-json\/wp\/v2\/media?parent=4749"}],"wp:term":[{"taxonomy":"category","embeddable":true,"href":"https:\/\/sdca.ch\/de\/wp-json\/wp\/v2\/categories?post=4749"},{"taxonomy":"post_tag","embeddable":true,"href":"https:\/\/sdca.ch\/de\/wp-json\/wp\/v2\/tags?post=4749"}],"curies":[{"name":"wp","href":"https:\/\/api.w.org\/{rel}","templated":true}]}}